{"id":102508,"date":"2024-10-07T18:43:47","date_gmt":"2024-10-07T21:43:47","guid":{"rendered":"https:\/\/portalmovil.com.ar\/?p=102508"},"modified":"2024-10-07T18:43:50","modified_gmt":"2024-10-07T21:43:50","slug":"gobernadores-denunciaron-incumplimientos-de-nacion-en-convenios-de-fondos-y-traspaso-de-obras-publicas","status":"publish","type":"post","link":"https:\/\/portalmovil.com.ar\/index.php\/2024\/10\/07\/gobernadores-denunciaron-incumplimientos-de-nacion-en-convenios-de-fondos-y-traspaso-de-obras-publicas\/","title":{"rendered":"Gobernadores denunciaron \u00abincumplimientos\u00bb de Naci\u00f3n en convenios de fondos y traspaso de obras p\u00fablicas"},"content":{"rendered":"\n<p>El Congreso comenzar\u00e1 a debatir esta semana el Presupuesto 2025 en momentos en que emerge de forma cada vez m\u00e1s visible el malestar de varios gobernadores con el Ejecutivo por las demoras en la implementaci\u00f3n de los convenios firmados hace algunos meses para traspasar proyectos de obra p\u00fablica a la \u00f3rbita provincial y en el giro de fondos nacionales para culminar aquellos que estaban cerca de concluirse.<\/p>\n\n\n\n<p>Justamente la ley de leyes incluye un anexo con varios de estos proyectos anudados en las reuniones celebradas en las oficinas del ministerio del Interior entre mayo y y julio pasado. Pero son varios los distritos que han hecho levantar la voz por las demoras del Gobierno: el santafesino Maximiliano Pullaro estudia enviar una carta formal a Econom\u00eda para pedir el traspaso de la jurisdicci\u00f3n de los tramos de rutas nacionales que pasan por su territorio.<\/p>\n\n\n\n<p>El tema fue tratado en una reuni\u00f3n celebrada el mi\u00e9rcoles en el Palacio de Hacienda con el ministro Luis \u00abToto\u00bb Caputo, en la que no hubo \u00abfumata blanca\u00bb precisamente. Es que Naci\u00f3n, por caso, le factur\u00f3 a la provincia una deuda de Afip por un convenio rubricado por el ex mandatario Omar Perotti, en 2022.Es que las denuncias cruzadas entre el Ejecutivo y las jurisdicciones son otro de los factores que vienen demorando la concreci\u00f3n de los acuerdos celebrados a toda pompa, con fotos incluidas, en Casa Rosada incluso con mandatarios d\u00edscolos como el riojano Julio Quintela.<\/p>\n\n\n\n<p>Cerca del jefe de gabinete, Guillermo Francos, fact\u00f3tum de aquellos convenios, intentaron minimizar las diferencias entre las partes y adujeron que la Naci\u00f3n ya comenz\u00f3 unos 100 proyectos pero que existen demoras porque muchos estuvieron frenados desde abril de 2023 e incluso adeudan fondos con las firmas constructoras. Los tironeos por estas acreencias suelen actuar como un freno para el avance de los mismos.<\/p>\n\n\n\n<p>Entre los gobernadores de Juntos por el Cambio no s\u00f3lo Pullaro intenta llamar la atenci\u00f3n, sin perder el tono diplom\u00e1tico, por el lento avance de los acuerdos rubricados. En Entre R\u00edos, Rogelio Frigerio espera la transferencia de m\u00e1s de 100 obras nacionales aunque s\u00ed hubo avances con el \u00e1rea de viviendas. El chubutense Ignacio \u00abNacho\u00bb Torres, que logr\u00f3 reconstruir el v\u00ednculo con la Casa Rosada, sigue con un diferendo fuerte por la caja jubilatoria de su provincia, una de las trece que no fueron transferidas a Naci\u00f3n. El sanjuanino Marcelo Orrego se encuentra en una situaci\u00f3n similar respecto a las demoras en las obras.<\/p>\n","protected":false},"excerpt":{"rendered":"<p>El Congreso comenzar\u00e1 a debatir esta semana el Presupuesto 2025 en momentos en que emerge de forma cada vez m\u00e1s visible el malestar de varios gobernadores con el Ejecutivo por las demoras en la implementaci\u00f3n de los convenios firmados hace algunos meses para traspasar proyectos de obra p\u00fablica a la \u00f3rbita provincial y en el &hellip;<\/p>\n","protected":false},"author":2,"featured_media":102509,"comment_status":"open","ping_status":"open","sticky":false,"template":"","format":"standard","meta":{"_jetpack_memberships_contains_paid_content":false,"footnotes":"","jetpack_publicize_message":"","jetpack_publicize_feature_enabled":true,"jetpack_social_post_already_shared":true,"jetpack_social_options":{"image_generator_settings":{"template":"highway","default_image_id":0,"font":"","enabled":false},"version":2}},"categories":[14],"tags":[],"class_list":["post-102508","post","type-post","status-publish","format-standard","has-post-thumbnail","hentry","category-politica"],"jetpack_publicize_connections":[],"jetpack_featured_media_url":"https:\/\/portalmovil.com.ar\/wp-content\/uploads\/2024\/10\/611316w440h248c.png.webp","jetpack_sharing_enabled":true,"amp_enabled":true,"_links":{"self":[{"href":"https:\/\/portalmovil.com.ar\/index.php\/wp-json\/wp\/v2\/posts\/102508","targetHints":{"allow":["GET"]}}],"collection":[{"href":"https:\/\/portalmovil.com.ar\/index.php\/wp-json\/wp\/v2\/posts"}],"about":[{"href":"https:\/\/portalmovil.com.ar\/index.php\/wp-json\/wp\/v2\/types\/post"}],"author":[{"embeddable":true,"href":"https:\/\/portalmovil.com.ar\/index.php\/wp-json\/wp\/v2\/users\/2"}],"replies":[{"embeddable":true,"href":"https:\/\/portalmovil.com.ar\/index.php\/wp-json\/wp\/v2\/comments?post=102508"}],"version-history":[{"count":1,"href":"https:\/\/portalmovil.com.ar\/index.php\/wp-json\/wp\/v2\/posts\/102508\/revisions"}],"predecessor-version":[{"id":102510,"href":"https:\/\/portalmovil.com.ar\/index.php\/wp-json\/wp\/v2\/posts\/102508\/revisions\/102510"}],"wp:featuredmedia":[{"embeddable":true,"href":"https:\/\/portalmovil.com.ar\/index.php\/wp-json\/wp\/v2\/media\/102509"}],"wp:attachment":[{"href":"https:\/\/portalmovil.com.ar\/index.php\/wp-json\/wp\/v2\/media?parent=102508"}],"wp:term":[{"taxonomy":"category","embeddable":true,"href":"https:\/\/portalmovil.com.ar\/index.php\/wp-json\/wp\/v2\/categories?post=102508"},{"taxonomy":"post_tag","embeddable":true,"href":"https:\/\/portalmovil.com.ar\/index.php\/wp-json\/wp\/v2\/tags?post=102508"}],"curies":[{"name":"wp","href":"https:\/\/api.w.org\/{rel}","templated":true}]}}