{"id":102313,"date":"2024-10-02T11:08:58","date_gmt":"2024-10-02T14:08:58","guid":{"rendered":"https:\/\/portalmovil.com.ar\/?p=102313"},"modified":"2024-10-02T11:09:01","modified_gmt":"2024-10-02T14:09:01","slug":"acribillaron-a-balazos-al-yerno-de-guille-cantero-uno-de-los-lideres-de-los-monos-en-rosario","status":"publish","type":"post","link":"https:\/\/portalmovil.com.ar\/index.php\/2024\/10\/02\/acribillaron-a-balazos-al-yerno-de-guille-cantero-uno-de-los-lideres-de-los-monos-en-rosario\/","title":{"rendered":"Acribillaron a balazos al yerno de \u00abGuille\u00bb Cantero, uno de los l\u00edderes de Los Monos, en Rosario"},"content":{"rendered":"\n<p><strong>Samuel Medina<\/strong>, yerno del l\u00edder de la banda narco&nbsp;<strong>Los Monos,<\/strong>&nbsp;Ariel M\u00e1ximo&nbsp;<strong>\u201cGuille\u201d Cantero<\/strong>, fue asesinado de 16 disparos el martes por la noche en la zona norte de&nbsp;<strong>Rosario<\/strong>. El joven de 25 a\u00f1os fue atacado por sicarios que le dispararon desde una moto mientras iba a bordo de un auto. Estaba en la mira de la Justicia por su presunta participaci\u00f3n en la organizaci\u00f3n criminal.<\/p>\n\n\n\n<p>Medina conduc\u00eda un Volkswagen Polo blanco cuando&nbsp;<strong>fue acribillado y muri\u00f3 en el acto<\/strong>. Iba<strong>&nbsp;acompa\u00f1ado por un joven de 18 a\u00f1os&nbsp;<\/strong>que result\u00f3&nbsp;<strong>herido con un disparo en el hombro izquierdo&nbsp;<\/strong>y permanece internado en el Hospital Eva Per\u00f3n de Granadero Baigorria.<\/p>\n\n\n\n<p>El asesinato ocurri\u00f3 en la colectora de Circunvalaci\u00f3n Juan Pablo ll y Dr Jos\u00e9 Mar\u00eda Fern\u00e1ndez, en la zona norte de Rosario. El cuerpo de Medina y su acompa\u00f1ante herido fueron encontrados por efectivos de la Polic\u00eda de Santa Fe que realizaban un rastrillaje por el lugar y se acercaron al sitio tras escuchar las detonaciones.<\/p>\n\n\n\n<p>En el interior del veh\u00edculo de la v\u00edctima los efectivos policiales encontraron<strong>&nbsp;35 mil pesos, un reloj inteligente, una cadena de color dorado, dos anillos de color dorado<\/strong>&nbsp;&#8211; uno con el escudo de Rosario Central y el restante con una piedra de color roja &#8211; y&nbsp;<strong>dos entradas del partido entre Rosario Central y V\u00e9lez&nbsp;<\/strong>que se disput\u00f3 el martes por la noche en el Gigante de Arroyito.<\/p>\n\n\n\n<p>En la escena del crimen, los peritos secuestraron&nbsp;<strong>16 vainas servidas de calibre 9 mil\u00edmetros.&nbsp;<\/strong>Se sospecha que<strong>&nbsp;los sicarios se desplazaban en dos motos y utilizaron una ametralladora<\/strong>. Adem\u00e1s, en el auto hab\u00eda once orificios de arma de fuego sobre la puerta delantera izquierda y otros dos sobre la puerta trasera izquierda.<\/p>\n\n\n\n<p>Samuel Medina era pareja de&nbsp;<strong>Paula Bay<\/strong>, hija de<strong>&nbsp;Vanesa Barrios<\/strong>, quien es la&nbsp;<strong>esposa de \u201cGuille Cantero\u201d<\/strong>. En 2021,&nbsp;<strong>Medina hab\u00eda sido condenado a dos a\u00f1os de prisi\u00f3n condicional&nbsp;<\/strong>por sacarse una foto posando con armas largas junto al el cantante de trap Agust\u00edn Roberto Garc\u00eda, conocido como \u201c<strong>Zaramay<\/strong>\u201d. De la fotograf\u00eda tambi\u00e9n participaban otros integrantes de Los Monos, como Uriel Cantero, hijo de \u201cEl P\u00e1jaro\u201d Cantero, el fundador de la banda narco asesinado.<\/p>\n\n\n\n<figure class=\"wp-block-image size-full\"><img loading=\"lazy\" decoding=\"async\" width=\"610\" height=\"343\" src=\"https:\/\/portalmovil.com.ar\/wp-content\/uploads\/2024\/10\/1001348310.jpg\" alt=\"\" class=\"wp-image-102314\" srcset=\"https:\/\/portalmovil.com.ar\/wp-content\/uploads\/2024\/10\/1001348310.jpg 610w, https:\/\/portalmovil.com.ar\/wp-content\/uploads\/2024\/10\/1001348310-300x169.jpg 300w\" sizes=\"auto, (max-width: 610px) 100vw, 610px\" \/><\/figure>\n","protected":false},"excerpt":{"rendered":"<p>Samuel Medina, yerno del l\u00edder de la banda narco&nbsp;Los Monos,&nbsp;Ariel M\u00e1ximo&nbsp;\u201cGuille\u201d Cantero, fue asesinado de 16 disparos el martes por la noche en la zona norte de&nbsp;Rosario. El joven de 25 a\u00f1os fue atacado por sicarios que le dispararon desde una moto mientras iba a bordo de un auto. Estaba en la mira de la &hellip;<\/p>\n","protected":false},"author":2,"featured_media":102315,"comment_status":"open","ping_status":"open","sticky":false,"template":"","format":"standard","meta":{"_jetpack_memberships_contains_paid_content":false,"footnotes":"","jetpack_publicize_message":"","jetpack_publicize_feature_enabled":true,"jetpack_social_post_already_shared":true,"jetpack_social_options":{"image_generator_settings":{"template":"highway","default_image_id":0,"font":"","enabled":false},"version":2}},"categories":[639,50],"tags":[],"class_list":["post-102313","post","type-post","status-publish","format-standard","has-post-thumbnail","hentry","category-argentina","category-judiciales"],"jetpack_publicize_connections":[],"jetpack_featured_media_url":"https:\/\/portalmovil.com.ar\/wp-content\/uploads\/2024\/10\/f414x232-1657595_1671334_5036.jpeg","jetpack_sharing_enabled":true,"amp_enabled":true,"_links":{"self":[{"href":"https:\/\/portalmovil.com.ar\/index.php\/wp-json\/wp\/v2\/posts\/102313","targetHints":{"allow":["GET"]}}],"collection":[{"href":"https:\/\/portalmovil.com.ar\/index.php\/wp-json\/wp\/v2\/posts"}],"about":[{"href":"https:\/\/portalmovil.com.ar\/index.php\/wp-json\/wp\/v2\/types\/post"}],"author":[{"embeddable":true,"href":"https:\/\/portalmovil.com.ar\/index.php\/wp-json\/wp\/v2\/users\/2"}],"replies":[{"embeddable":true,"href":"https:\/\/portalmovil.com.ar\/index.php\/wp-json\/wp\/v2\/comments?post=102313"}],"version-history":[{"count":1,"href":"https:\/\/portalmovil.com.ar\/index.php\/wp-json\/wp\/v2\/posts\/102313\/revisions"}],"predecessor-version":[{"id":102316,"href":"https:\/\/portalmovil.com.ar\/index.php\/wp-json\/wp\/v2\/posts\/102313\/revisions\/102316"}],"wp:featuredmedia":[{"embeddable":true,"href":"https:\/\/portalmovil.com.ar\/index.php\/wp-json\/wp\/v2\/media\/102315"}],"wp:attachment":[{"href":"https:\/\/portalmovil.com.ar\/index.php\/wp-json\/wp\/v2\/media?parent=102313"}],"wp:term":[{"taxonomy":"category","embeddable":true,"href":"https:\/\/portalmovil.com.ar\/index.php\/wp-json\/wp\/v2\/categories?post=102313"},{"taxonomy":"post_tag","embeddable":true,"href":"https:\/\/portalmovil.com.ar\/index.php\/wp-json\/wp\/v2\/tags?post=102313"}],"curies":[{"name":"wp","href":"https:\/\/api.w.org\/{rel}","templated":true}]}}