{"id":10228,"date":"2020-07-31T14:45:50","date_gmt":"2020-07-31T17:45:50","guid":{"rendered":"https:\/\/portalmovil.com.ar\/?p=10228"},"modified":"2020-07-31T14:45:54","modified_gmt":"2020-07-31T17:45:54","slug":"se-incendio-un-auto-y-se-consumio-por-completo","status":"publish","type":"post","link":"https:\/\/portalmovil.com.ar\/index.php\/2020\/07\/31\/se-incendio-un-auto-y-se-consumio-por-completo\/","title":{"rendered":"Se incendi\u00f3 un auto y se consumi\u00f3 por completo"},"content":{"rendered":"\n<p>Un vecino de la calle Fort\u00edn Loma Negra al 2.400 alert\u00f3 a la Polic\u00eda provincial luego de ser avisado de que el auto de su hijo habr\u00eda sido prendido fuego en la puerta de su casa.&nbsp;<\/p>\n\n\n\n<p>Luego de conocerse el hecho, los oficiales arribaron a la zona donde pudieron ver que&nbsp;la intensidad de las llamas termin\u00f3&nbsp;por destruir en forma \u00edntegra el Volkswagen \u201cGol&nbsp;Trend\u201d de color blanco.&nbsp;<\/p>\n\n\n\n<p>Posteriormente y con la intervenci\u00f3n de la divisi\u00f3n de Bomberos se logr\u00f3 sofocar el foco de incendio, en tanto que se invit\u00f3 al damnificado a radicar la denuncia para iniciar la investigaci\u00f3n correspondiente.&nbsp;&nbsp;<\/p>\n","protected":false},"excerpt":{"rendered":"<p>Un vecino de la calle Fort\u00edn Loma Negra al 2.400 alert\u00f3 a la Polic\u00eda provincial luego de ser avisado de que el auto de su hijo habr\u00eda sido prendido fuego en la puerta de su casa.&nbsp; Luego de conocerse el hecho, los oficiales arribaron a la zona donde pudieron ver que&nbsp;la intensidad de las llamas &hellip;<\/p>\n","protected":false},"author":2,"featured_media":10229,"comment_status":"open","ping_status":"open","sticky":false,"template":"","format":"standard","meta":{"_jetpack_memberships_contains_paid_content":false,"footnotes":"","jetpack_publicize_message":"","jetpack_publicize_feature_enabled":true,"jetpack_social_post_already_shared":true,"jetpack_social_options":{"image_generator_settings":{"template":"highway","default_image_id":0,"font":"","enabled":false},"version":2}},"categories":[8,37],"tags":[],"class_list":["post-10228","post","type-post","status-publish","format-standard","has-post-thumbnail","hentry","category-policiales","category-resistencia"],"jetpack_publicize_connections":[],"jetpack_featured_media_url":"https:\/\/portalmovil.com.ar\/wp-content\/uploads\/2020\/07\/0250593f-484e-4726-bf1e-f2199e8ecb1e.jpg","jetpack_sharing_enabled":true,"amp_enabled":true,"_links":{"self":[{"href":"https:\/\/portalmovil.com.ar\/index.php\/wp-json\/wp\/v2\/posts\/10228","targetHints":{"allow":["GET"]}}],"collection":[{"href":"https:\/\/portalmovil.com.ar\/index.php\/wp-json\/wp\/v2\/posts"}],"about":[{"href":"https:\/\/portalmovil.com.ar\/index.php\/wp-json\/wp\/v2\/types\/post"}],"author":[{"embeddable":true,"href":"https:\/\/portalmovil.com.ar\/index.php\/wp-json\/wp\/v2\/users\/2"}],"replies":[{"embeddable":true,"href":"https:\/\/portalmovil.com.ar\/index.php\/wp-json\/wp\/v2\/comments?post=10228"}],"version-history":[{"count":1,"href":"https:\/\/portalmovil.com.ar\/index.php\/wp-json\/wp\/v2\/posts\/10228\/revisions"}],"predecessor-version":[{"id":10230,"href":"https:\/\/portalmovil.com.ar\/index.php\/wp-json\/wp\/v2\/posts\/10228\/revisions\/10230"}],"wp:featuredmedia":[{"embeddable":true,"href":"https:\/\/portalmovil.com.ar\/index.php\/wp-json\/wp\/v2\/media\/10229"}],"wp:attachment":[{"href":"https:\/\/portalmovil.com.ar\/index.php\/wp-json\/wp\/v2\/media?parent=10228"}],"wp:term":[{"taxonomy":"category","embeddable":true,"href":"https:\/\/portalmovil.com.ar\/index.php\/wp-json\/wp\/v2\/categories?post=10228"},{"taxonomy":"post_tag","embeddable":true,"href":"https:\/\/portalmovil.com.ar\/index.php\/wp-json\/wp\/v2\/tags?post=10228"}],"curies":[{"name":"wp","href":"https:\/\/api.w.org\/{rel}","templated":true}]}}