{"id":102278,"date":"2024-10-01T05:21:00","date_gmt":"2024-10-01T08:21:00","guid":{"rendered":"https:\/\/portalmovil.com.ar\/?p=102278"},"modified":"2024-10-01T17:21:46","modified_gmt":"2024-10-01T20:21:46","slug":"zdero-la-oposicion-voto-para-que-haya-un-colapso-energetico","status":"publish","type":"post","link":"https:\/\/portalmovil.com.ar\/index.php\/2024\/10\/01\/zdero-la-oposicion-voto-para-que-haya-un-colapso-energetico\/","title":{"rendered":"Zdero: \u00abLa oposici\u00f3n vot\u00f3 para que haya un colapso energ\u00e9tico\u00bb"},"content":{"rendered":"\n<h3 class=\"wp-block-heading\"><strong>En el marco de una conferencia de prensa, el gobernador Leandro Zdero se refiri\u00f3 este martes al rechazo en la sesi\u00f3n legislativa, del proyecto de ley para la toma de cr\u00e9dito, con el que se pretend\u00eda llevar adelante obras estructurales en agua y energ\u00eda.<\/strong>&nbsp;<\/h3>\n\n\n\n<p>\u00abAsistimos a un nuevo golpe, esta vez hacia todos los chaque\u00f1os.&nbsp;<strong>Ayer, la especulaci\u00f3n, la mezquindad y la cobard\u00eda pol\u00edtica, le ganaron a la posibilidad de encontrar soluciones a problemas estructurales del Chaco\u00bb,<\/strong>&nbsp;advirti\u00f3 junto a la vicegobernadora Silvana Schneider, funcionarios provinciales y legisladores.<\/p>\n\n\n\n<p>En primer lugar, manifest\u00f3 que desde el inicio de la gesti\u00f3n \u00abpusieron palos en la rueda para el crecimiento de la provincia.&nbsp;<strong>Son los mismos que nos dejaron una bomba de mecha corta para que no pudi\u00e9ramos pagar los sueldos; los que nos dejaron deudas a proveedores del Estado, a empresas constructoras y obras sin terminar\u00bb, record\u00f3.<\/strong><\/p>\n\n\n\n<p>No obstante, indic\u00f3 que\u00a0<strong>a\u00fan en ese contexto, desde diciembre \u00faltimo en adelante se lleva adelante una gesti\u00f3n ordenada y transparente que hizo frente a deudas heredades en d\u00f3lares.<\/strong><\/p>\n\n\n\n<p>\u00abQuiero aclarar que los 150 millones de d\u00f3lares eran para invertir en obras necesarias de agua y energ\u00eda, lo saben los legisladores que gobernaron 16 a\u00f1os la provincia y lo sabe la gente que padece estos problemas hace tanto tiempo\u00bb, apunt\u00f3.<\/p>\n\n\n\n<p>\u00abSon obras que verdaderamente necesitamos los chaque\u00f1os para mitigar este verano que se avecina.&nbsp;<strong>Son obras que quedar\u00e1n para siempre y que no fueron hechas en los 16 a\u00f1os anteriores y por eso ponen palos en la rueda ahora, porque no quieren que nosotros las hagamos\u00bb, indic\u00f3.<\/strong><\/p>\n\n\n\n<p>Por ello,\u00a0<strong>asegur\u00f3 que la oposici\u00f3n vot\u00f3 para que haya un colapso energ\u00e9tico y cuestion\u00f3 que son quienes dejaron una deuda proyectada de 300 mil millones de pesos ante Cammesa.<\/strong>\u00a0\u00abEn 2019, como legislador, acompa\u00f1\u00e9 un proyecto de ley para saldar la deuda que Secheep ten\u00eda con Cammesa. En 4 a\u00f1os volvieron a comprometer la empresa Secheep y la dejaron quebrada; ahora estamos trabajando para que vuelva a ser eficiente como lo fue hasta el 2007\u00bb, enfatiz\u00f3.<\/p>\n\n\n\n<p>Zdero se\u00f1al\u00f3 que ante el deficiente sistema energ\u00e9tico actual, que es resultado de la falta de inversi\u00f3n por a\u00f1os y que se vio a\u00fan m\u00e1s afectado por el reciente retiro de generadores de la firma Aggreko, instruy\u00f3 a todo el gabinete para buscar alternativas que permitan garantizar la prestaci\u00f3n del servicio.<\/p>\n\n\n\n<h3 class=\"wp-block-heading\"><strong>\u00abDi indicaciones para llamar a licitaciones y alquilar equipos, con el fin de mitigar de la mejor manera posible este escenario que se plantea en lo inmediato, a\u00fan con los pocos recursos que tenemos en la caja provincial\u00bb, sostuvo.<\/strong>&nbsp;<\/h3>\n\n\n\n<p>\u00abQuiero que sepan que estoy preparado para los golpes y para enfrentar los desaf\u00edos que se vienen; los que deben dar explicaciones al pueblo son los que est\u00e1n detr\u00e1s de esta maniobra perversa y oscura, un pu\u00f1ado de resentidos que quieren aplicar pol\u00edticas de desquite a los chaque\u00f1os\u00bb, expres\u00f3.<br><br><br>Por otro lado, el gobernador record\u00f3 que, previo al tratamiento legislativo, se llevaron adelante diversas reuniones para informar sobre los alcances y la necesidad del proyecto en cuesti\u00f3n, tanto con legisladores de la oposici\u00f3n como con intendentes.<\/p>\n\n\n\n<p>\u00abHe visto buena predisposici\u00f3n de algunos pocos diputados de otros partidos que ayer nos acompa\u00f1aron y muchos intendentes que, como est\u00e1n en la trinchera, entienden el problema y no act\u00faan desde el rencor de haber perdido las elecciones\u00bb, dijo.<\/p>\n\n\n\n<p><strong>\u00abTodo se complic\u00f3 a partir de la aparici\u00f3n del ex gobernador que, con resentimiento, apret\u00f3 a los legisladores para que no aprobaran el cr\u00e9dito, con la amenaza de sanciones por parte del partido pol\u00edtico que integran\u00bb, sostuvo.<\/strong><\/p>\n\n\n\n<p>\u00abLamento por cada chaque\u00f1o, que les haya faltado humildad y empat\u00eda. Les sobra soberbia\u00bb, concluy\u00f3.<br><\/p>\n","protected":false},"excerpt":{"rendered":"<p>En el marco de una conferencia de prensa, el gobernador Leandro Zdero se refiri\u00f3 este martes al rechazo en la sesi\u00f3n legislativa, del proyecto de ley para la toma de cr\u00e9dito, con el que se pretend\u00eda llevar adelante obras estructurales en agua y energ\u00eda.&nbsp; \u00abAsistimos a un nuevo golpe, esta vez hacia todos los chaque\u00f1os.&nbsp;Ayer, &hellip;<\/p>\n","protected":false},"author":2,"featured_media":102279,"comment_status":"open","ping_status":"open","sticky":false,"template":"","format":"standard","meta":{"_jetpack_memberships_contains_paid_content":false,"footnotes":"","jetpack_publicize_message":"","jetpack_publicize_feature_enabled":true,"jetpack_social_post_already_shared":true,"jetpack_social_options":{"image_generator_settings":{"template":"highway","default_image_id":0,"font":"","enabled":false},"version":2}},"categories":[5,14,12],"tags":[],"class_list":["post-102278","post","type-post","status-publish","format-standard","has-post-thumbnail","hentry","category-chaco","category-politica","category-ultimo"],"jetpack_publicize_connections":[],"jetpack_featured_media_url":"https:\/\/portalmovil.com.ar\/wp-content\/uploads\/2024\/10\/IMG-20241001-WA0166.jpg","jetpack_sharing_enabled":true,"amp_enabled":true,"_links":{"self":[{"href":"https:\/\/portalmovil.com.ar\/index.php\/wp-json\/wp\/v2\/posts\/102278","targetHints":{"allow":["GET"]}}],"collection":[{"href":"https:\/\/portalmovil.com.ar\/index.php\/wp-json\/wp\/v2\/posts"}],"about":[{"href":"https:\/\/portalmovil.com.ar\/index.php\/wp-json\/wp\/v2\/types\/post"}],"author":[{"embeddable":true,"href":"https:\/\/portalmovil.com.ar\/index.php\/wp-json\/wp\/v2\/users\/2"}],"replies":[{"embeddable":true,"href":"https:\/\/portalmovil.com.ar\/index.php\/wp-json\/wp\/v2\/comments?post=102278"}],"version-history":[{"count":1,"href":"https:\/\/portalmovil.com.ar\/index.php\/wp-json\/wp\/v2\/posts\/102278\/revisions"}],"predecessor-version":[{"id":102280,"href":"https:\/\/portalmovil.com.ar\/index.php\/wp-json\/wp\/v2\/posts\/102278\/revisions\/102280"}],"wp:featuredmedia":[{"embeddable":true,"href":"https:\/\/portalmovil.com.ar\/index.php\/wp-json\/wp\/v2\/media\/102279"}],"wp:attachment":[{"href":"https:\/\/portalmovil.com.ar\/index.php\/wp-json\/wp\/v2\/media?parent=102278"}],"wp:term":[{"taxonomy":"category","embeddable":true,"href":"https:\/\/portalmovil.com.ar\/index.php\/wp-json\/wp\/v2\/categories?post=102278"},{"taxonomy":"post_tag","embeddable":true,"href":"https:\/\/portalmovil.com.ar\/index.php\/wp-json\/wp\/v2\/tags?post=102278"}],"curies":[{"name":"wp","href":"https:\/\/api.w.org\/{rel}","templated":true}]}}