{"id":102249,"date":"2024-10-01T10:20:54","date_gmt":"2024-10-01T13:20:54","guid":{"rendered":"https:\/\/portalmovil.com.ar\/?p=102249"},"modified":"2024-10-01T10:23:09","modified_gmt":"2024-10-01T13:23:09","slug":"una-mujer-llevo-a-su-beba-de-cinco-meses-para-que-le-curen-el-ojeo-y-murio","status":"publish","type":"post","link":"https:\/\/portalmovil.com.ar\/index.php\/2024\/10\/01\/una-mujer-llevo-a-su-beba-de-cinco-meses-para-que-le-curen-el-ojeo-y-murio\/","title":{"rendered":"Una mujer llev\u00f3 a su beba de cinco meses para que \u201cle curen el ojeo\u201d y muri\u00f3"},"content":{"rendered":"\n<p>Una beba de cinco meses estaba enferma hac\u00eda varios d\u00edas, su mam\u00e1 la llev\u00f3 a una curandera para que \u00able curen el ojeo\u00bb, pero todo termin\u00f3 de la peor manera.\u00a0<\/p>\n\n\n\n<p>La peque\u00f1a, seg\u00fan indicaron las primeras pericias,&nbsp;<strong>ten\u00eda neumon\u00eda, no fue medicada a tiempo y muri\u00f3.<\/strong><\/p>\n\n\n\n<p>El tr\u00e1gico episodio ocurri\u00f3 este domingo por la ma\u00f1ana en la localidad santiague\u00f1a de La Banda.<\/p>\n\n\n\n<p><strong>La mujer llev\u00f3 a la peque\u00f1a hasta el Centro de Salud Banda porque se hab\u00eda descompensado.<\/strong><\/p>\n\n\n\n<p>Sin embargo,&nbsp;<strong>al ingresar los m\u00e9dicos no pudieron hacer nada ya que la nena no ten\u00eda signos vitales y estaba con rigidez cadav\u00e9rica.<\/strong><\/p>\n\n\n\n<p>Tras ello, los profesionales dieron aviso a la Polic\u00eda y poco despu\u00e9s los efectivos de la Comisar\u00eda 14 se acercaron al lugar. En ese contexto, los m\u00e9dicos les contaron que&nbsp;<strong>la mujer hab\u00eda dicho que la beba estaba enferma desde hace algunos d\u00edas, por lo que decidi\u00f3 llevarla a una curandera que la hab\u00eda \u00abmedicado\u00bb.<\/strong><\/p>\n\n\n\n<p>La madre de la chiquita sigui\u00f3 las \u00f3rdenes y en la segunda visita,<strong>&nbsp;la curandera le dijo que le diera \u00abun poco de paracetamol\u00bb, porque ten\u00eda la garganta roja.<\/strong>&nbsp;La madre de la nena cont\u00f3 que hizo caso a la indicaci\u00f3n y por la tarde le dio el remedio a la beba.<\/p>\n\n\n\n<p>Sin embargo,&nbsp;<strong>el domingo, cerca de las 6:30, se despert\u00f3 y not\u00f3 que la chiquita ten\u00eda \u00ablos ojitos hinchados y moquitos\u00bb, por lo que decidi\u00f3 cambiarle los pa\u00f1ales, la ropa y la llev\u00f3 al centro de salud, donde ingres\u00f3 sin signos vitales.<\/strong><\/p>\n\n\n\n<p>La fiscal Mariela Ciotti, perteneciente a la Unidad de Violencia de G\u00e9nero e Intrafamiliar, orden\u00f3 que se le realice la autopsia al cuerpo de la beba, que no presentaba lesiones visibles.<\/p>\n\n\n\n<p>Adem\u00e1s, orden\u00f3 que la Polic\u00eda realice un relevamiento en la vivienda de la familia y con los vecinos. Tras ello,&nbsp;<strong>solicit\u00f3 que la mujer sea demorada, pero luego de algunas horas fue liberada.<\/strong><\/p>\n\n\n\n<p>El informe forense estableci\u00f3 que&nbsp;<strong>la causa de la muerte de la peque\u00f1a habr\u00eda sido por un cuadro de neumon\u00eda agudo<\/strong>, el cual al no ser medicado a tiempo llev\u00f3 a una grave infecci\u00f3n en sus pulmones.<\/p>\n","protected":false},"excerpt":{"rendered":"<p>Una beba de cinco meses estaba enferma hac\u00eda varios d\u00edas, su mam\u00e1 la llev\u00f3 a una curandera para que \u00able curen el ojeo\u00bb, pero todo termin\u00f3 de la peor manera.\u00a0 La peque\u00f1a, seg\u00fan indicaron las primeras pericias,&nbsp;ten\u00eda neumon\u00eda, no fue medicada a tiempo y muri\u00f3. El tr\u00e1gico episodio ocurri\u00f3 este domingo por la ma\u00f1ana en &hellip;<\/p>\n","protected":false},"author":2,"featured_media":102254,"comment_status":"open","ping_status":"open","sticky":false,"template":"","format":"standard","meta":{"_jetpack_memberships_contains_paid_content":false,"footnotes":"","jetpack_publicize_message":"","jetpack_publicize_feature_enabled":true,"jetpack_social_post_already_shared":true,"jetpack_social_options":{"image_generator_settings":{"template":"highway","default_image_id":0,"font":"","enabled":false},"version":2}},"categories":[639,8],"tags":[],"class_list":["post-102249","post","type-post","status-publish","format-standard","has-post-thumbnail","hentry","category-argentina","category-policiales"],"jetpack_publicize_connections":[],"jetpack_featured_media_url":"https:\/\/portalmovil.com.ar\/wp-content\/uploads\/2024\/10\/descarga.jpeg","jetpack_sharing_enabled":true,"amp_enabled":true,"_links":{"self":[{"href":"https:\/\/portalmovil.com.ar\/index.php\/wp-json\/wp\/v2\/posts\/102249","targetHints":{"allow":["GET"]}}],"collection":[{"href":"https:\/\/portalmovil.com.ar\/index.php\/wp-json\/wp\/v2\/posts"}],"about":[{"href":"https:\/\/portalmovil.com.ar\/index.php\/wp-json\/wp\/v2\/types\/post"}],"author":[{"embeddable":true,"href":"https:\/\/portalmovil.com.ar\/index.php\/wp-json\/wp\/v2\/users\/2"}],"replies":[{"embeddable":true,"href":"https:\/\/portalmovil.com.ar\/index.php\/wp-json\/wp\/v2\/comments?post=102249"}],"version-history":[{"count":1,"href":"https:\/\/portalmovil.com.ar\/index.php\/wp-json\/wp\/v2\/posts\/102249\/revisions"}],"predecessor-version":[{"id":102251,"href":"https:\/\/portalmovil.com.ar\/index.php\/wp-json\/wp\/v2\/posts\/102249\/revisions\/102251"}],"wp:featuredmedia":[{"embeddable":true,"href":"https:\/\/portalmovil.com.ar\/index.php\/wp-json\/wp\/v2\/media\/102254"}],"wp:attachment":[{"href":"https:\/\/portalmovil.com.ar\/index.php\/wp-json\/wp\/v2\/media?parent=102249"}],"wp:term":[{"taxonomy":"category","embeddable":true,"href":"https:\/\/portalmovil.com.ar\/index.php\/wp-json\/wp\/v2\/categories?post=102249"},{"taxonomy":"post_tag","embeddable":true,"href":"https:\/\/portalmovil.com.ar\/index.php\/wp-json\/wp\/v2\/tags?post=102249"}],"curies":[{"name":"wp","href":"https:\/\/api.w.org\/{rel}","templated":true}]}}