{"id":102062,"date":"2024-09-25T20:20:54","date_gmt":"2024-09-25T23:20:54","guid":{"rendered":"https:\/\/portalmovil.com.ar\/?p=102062"},"modified":"2024-09-25T20:20:56","modified_gmt":"2024-09-25T23:20:56","slug":"chaco-bajo-alerta-amarilla-por-lluvias-y-tormentas","status":"publish","type":"post","link":"https:\/\/portalmovil.com.ar\/index.php\/2024\/09\/25\/chaco-bajo-alerta-amarilla-por-lluvias-y-tormentas\/","title":{"rendered":"Chaco bajo alerta amarilla por lluvias y tormentas"},"content":{"rendered":"\n<p>El Servicio Meteorol\u00f3gico Nacional emiti\u00f3 un alerta amarillo por tormentas fuertes para la noche de este mi\u00e9rcoles y la ma\u00f1ana del jueves, en el centro, sur y este del Chaco, y se prev\u00e9n fen\u00f3menos acompa\u00f1ados por ca\u00edda de granizo, intensa actividad el\u00e9ctrica, abundante ca\u00edda de agua en cortos per\u00edodos, y r\u00e1fagas intensas.<\/p>\n\n\n\n<p>Se estiman valores de precipitaci\u00f3n acumulada entre 40 y 70 mm, pudiendo ser superados de forma local.<\/p>\n\n\n\n<p>El alerta abarca tambi\u00e9n al centro y norte de Corrientes, Misiones y el este de Formosa.<\/p>\n\n\n\n<h2 class=\"wp-block-heading\">C\u00d3MO SEGUIR\u00c1 EL TIEMPO EN RESISTENCIA<\/h2>\n\n\n\n<p>En ese marco, con alerta vigente, para este jueves se prev\u00e9 tormentas fuertes por la ma\u00f1ana, tormentas aisladas por la tarde, cielo mayormente nublado hacia la noche, y vientos moderados del sur con r\u00e1fagas. La temperatura oscilar\u00e1 entre 15 grados de m\u00ednima y 24 de m\u00e1xima.<\/p>\n\n\n\n<p>Asimismo, para el viernes se espera cielo parcialmente nublado por la ma\u00f1ana, algo nublado por la tarde, y despejado hacia la noche, con vientos leves del sur rotando al este, y descenso de los valores t\u00e9rmicos, con un piso de 10 grados y un techo de 24.<\/p>\n","protected":false},"excerpt":{"rendered":"<p>El Servicio Meteorol\u00f3gico Nacional emiti\u00f3 un alerta amarillo por tormentas fuertes para la noche de este mi\u00e9rcoles y la ma\u00f1ana del jueves, en el centro, sur y este del Chaco, y se prev\u00e9n fen\u00f3menos acompa\u00f1ados por ca\u00edda de granizo, intensa actividad el\u00e9ctrica, abundante ca\u00edda de agua en cortos per\u00edodos, y r\u00e1fagas intensas. Se estiman valores &hellip;<\/p>\n","protected":false},"author":2,"featured_media":50072,"comment_status":"open","ping_status":"open","sticky":false,"template":"","format":"standard","meta":{"_jetpack_memberships_contains_paid_content":false,"footnotes":"","jetpack_publicize_message":"","jetpack_publicize_feature_enabled":true,"jetpack_social_post_already_shared":true,"jetpack_social_options":{"image_generator_settings":{"template":"highway","default_image_id":0,"font":"","enabled":false},"version":2}},"categories":[28,5],"tags":[],"class_list":["post-102062","post","type-post","status-publish","format-standard","has-post-thumbnail","hentry","category-actualidad","category-chaco"],"jetpack_publicize_connections":[],"jetpack_featured_media_url":"https:\/\/portalmovil.com.ar\/wp-content\/uploads\/2022\/02\/240786w620h450.jpg","jetpack_sharing_enabled":true,"amp_enabled":true,"_links":{"self":[{"href":"https:\/\/portalmovil.com.ar\/index.php\/wp-json\/wp\/v2\/posts\/102062","targetHints":{"allow":["GET"]}}],"collection":[{"href":"https:\/\/portalmovil.com.ar\/index.php\/wp-json\/wp\/v2\/posts"}],"about":[{"href":"https:\/\/portalmovil.com.ar\/index.php\/wp-json\/wp\/v2\/types\/post"}],"author":[{"embeddable":true,"href":"https:\/\/portalmovil.com.ar\/index.php\/wp-json\/wp\/v2\/users\/2"}],"replies":[{"embeddable":true,"href":"https:\/\/portalmovil.com.ar\/index.php\/wp-json\/wp\/v2\/comments?post=102062"}],"version-history":[{"count":1,"href":"https:\/\/portalmovil.com.ar\/index.php\/wp-json\/wp\/v2\/posts\/102062\/revisions"}],"predecessor-version":[{"id":102063,"href":"https:\/\/portalmovil.com.ar\/index.php\/wp-json\/wp\/v2\/posts\/102062\/revisions\/102063"}],"wp:featuredmedia":[{"embeddable":true,"href":"https:\/\/portalmovil.com.ar\/index.php\/wp-json\/wp\/v2\/media\/50072"}],"wp:attachment":[{"href":"https:\/\/portalmovil.com.ar\/index.php\/wp-json\/wp\/v2\/media?parent=102062"}],"wp:term":[{"taxonomy":"category","embeddable":true,"href":"https:\/\/portalmovil.com.ar\/index.php\/wp-json\/wp\/v2\/categories?post=102062"},{"taxonomy":"post_tag","embeddable":true,"href":"https:\/\/portalmovil.com.ar\/index.php\/wp-json\/wp\/v2\/tags?post=102062"}],"curies":[{"name":"wp","href":"https:\/\/api.w.org\/{rel}","templated":true}]}}