{"id":101849,"date":"2024-09-20T10:23:59","date_gmt":"2024-09-20T13:23:59","guid":{"rendered":"https:\/\/portalmovil.com.ar\/?p=101849"},"modified":"2024-09-20T10:24:01","modified_gmt":"2024-09-20T13:24:01","slug":"motociclistas-chocaron-contra-un-poste-de-luz-caido-por-la-tormenta","status":"publish","type":"post","link":"https:\/\/portalmovil.com.ar\/index.php\/2024\/09\/20\/motociclistas-chocaron-contra-un-poste-de-luz-caido-por-la-tormenta\/","title":{"rendered":"Motociclistas chocaron contra un poste de luz ca\u00eddo por la tormenta"},"content":{"rendered":"\n<p>Un conductor se encuentra en terapia intensiva<\/p>\n\n\n\n<p>En la&nbsp;<strong>madrugada de este viernes<\/strong>, alrededor de las&nbsp;<strong>3:10 horas<\/strong>, se registr\u00f3 un&nbsp;<strong>doble siniestro vial en la calle Salta, entre Salvador Maza y E. Maradona<\/strong>, frente al predio de Doma y Folclore Juana Azurduy. El incidente involucr\u00f3 a&nbsp;<strong>dos motocicletas<\/strong>&nbsp;que&nbsp;<strong>colisionaron contra un poste de tendido el\u00e9ctrico<\/strong>&nbsp;que hab\u00eda&nbsp;<strong>ca\u00eddo&nbsp;<\/strong>debido a las fuertes r\u00e1fagas de viento&nbsp;<strong>durante la tormenta<\/strong>.<\/p>\n\n\n\n<p><strong>El primer hecho implic\u00f3 a una motocicleta Yamaha TTR 230 cc., conducida por E.P., mayor de edad<\/strong>. El conductor fue\u00a0<strong>trasladado al hospital local<\/strong>, donde el m\u00e9dico de turno diagnostic\u00f3\u00a0<strong>lesiones leves<\/strong>. En el\u00a0<strong>segundo incidente<\/strong>, un ciclomotor Zanella 70 cc., manejado por\u00a0<strong>P.A.M.<\/strong>, tambi\u00e9n\u00a0<strong>mayor de edad,<\/strong>\u00a0se vio involucrado en un\u00a0<strong>choque m\u00e1s grave<\/strong>.<\/p>\n\n\n\n<p><strong>P.A.M. fue llevado de urgencia al hospital, donde se le diagnosticaron lesiones graves en el cr\u00e1neo.<\/strong>\u00a0Actualmente se encuentra internado en la\u00a0<strong>sala de terapia intensiva con asistencia de respiraci\u00f3n mec\u00e1nica<\/strong>. La Fiscal\u00eda N\u00b0 2 del Juzgado de Justicia Criminal intervino en la investigaci\u00f3n de este doble siniestro.<\/p>\n\n\n\n<figure class=\"wp-block-image size-large\"><img loading=\"lazy\" decoding=\"async\" width=\"1024\" height=\"598\" src=\"https:\/\/portalmovil.com.ar\/wp-content\/uploads\/2024\/09\/271064_grande-1024x598.jpg\" alt=\"\" class=\"wp-image-101850\" srcset=\"https:\/\/portalmovil.com.ar\/wp-content\/uploads\/2024\/09\/271064_grande-1024x598.jpg 1024w, https:\/\/portalmovil.com.ar\/wp-content\/uploads\/2024\/09\/271064_grande-300x175.jpg 300w, https:\/\/portalmovil.com.ar\/wp-content\/uploads\/2024\/09\/271064_grande-768x449.jpg 768w, https:\/\/portalmovil.com.ar\/wp-content\/uploads\/2024\/09\/271064_grande-1536x898.jpg 1536w, https:\/\/portalmovil.com.ar\/wp-content\/uploads\/2024\/09\/271064_grande.jpg 1920w\" sizes=\"auto, (max-width: 1024px) 100vw, 1024px\" \/><\/figure>\n\n\n\n<figure class=\"wp-block-image size-large\"><img loading=\"lazy\" decoding=\"async\" width=\"1024\" height=\"886\" src=\"https:\/\/portalmovil.com.ar\/wp-content\/uploads\/2024\/09\/821052_grande-1024x886.jpg\" alt=\"\" class=\"wp-image-101851\" srcset=\"https:\/\/portalmovil.com.ar\/wp-content\/uploads\/2024\/09\/821052_grande-1024x886.jpg 1024w, https:\/\/portalmovil.com.ar\/wp-content\/uploads\/2024\/09\/821052_grande-300x260.jpg 300w, https:\/\/portalmovil.com.ar\/wp-content\/uploads\/2024\/09\/821052_grande-768x665.jpg 768w, https:\/\/portalmovil.com.ar\/wp-content\/uploads\/2024\/09\/821052_grande-1536x1330.jpg 1536w, https:\/\/portalmovil.com.ar\/wp-content\/uploads\/2024\/09\/821052_grande.jpg 1920w\" sizes=\"auto, (max-width: 1024px) 100vw, 1024px\" \/><\/figure>\n","protected":false},"excerpt":{"rendered":"<p>Un conductor se encuentra en terapia intensiva En la&nbsp;madrugada de este viernes, alrededor de las&nbsp;3:10 horas, se registr\u00f3 un&nbsp;doble siniestro vial en la calle Salta, entre Salvador Maza y E. Maradona, frente al predio de Doma y Folclore Juana Azurduy. El incidente involucr\u00f3 a&nbsp;dos motocicletas&nbsp;que&nbsp;colisionaron contra un poste de tendido el\u00e9ctrico&nbsp;que hab\u00eda&nbsp;ca\u00eddo&nbsp;debido a las fuertes &hellip;<\/p>\n","protected":false},"author":2,"featured_media":101852,"comment_status":"open","ping_status":"open","sticky":false,"template":"","format":"standard","meta":{"_jetpack_memberships_contains_paid_content":false,"footnotes":"","jetpack_publicize_message":"","jetpack_publicize_feature_enabled":true,"jetpack_social_post_already_shared":true,"jetpack_social_options":{"image_generator_settings":{"template":"highway","default_image_id":0,"font":"","enabled":false},"version":2}},"categories":[5,8],"tags":[],"class_list":["post-101849","post","type-post","status-publish","format-standard","has-post-thumbnail","hentry","category-chaco","category-policiales"],"jetpack_publicize_connections":[],"jetpack_featured_media_url":"https:\/\/portalmovil.com.ar\/wp-content\/uploads\/2024\/09\/238838_grande.jpg","jetpack_sharing_enabled":true,"amp_enabled":true,"_links":{"self":[{"href":"https:\/\/portalmovil.com.ar\/index.php\/wp-json\/wp\/v2\/posts\/101849","targetHints":{"allow":["GET"]}}],"collection":[{"href":"https:\/\/portalmovil.com.ar\/index.php\/wp-json\/wp\/v2\/posts"}],"about":[{"href":"https:\/\/portalmovil.com.ar\/index.php\/wp-json\/wp\/v2\/types\/post"}],"author":[{"embeddable":true,"href":"https:\/\/portalmovil.com.ar\/index.php\/wp-json\/wp\/v2\/users\/2"}],"replies":[{"embeddable":true,"href":"https:\/\/portalmovil.com.ar\/index.php\/wp-json\/wp\/v2\/comments?post=101849"}],"version-history":[{"count":1,"href":"https:\/\/portalmovil.com.ar\/index.php\/wp-json\/wp\/v2\/posts\/101849\/revisions"}],"predecessor-version":[{"id":101853,"href":"https:\/\/portalmovil.com.ar\/index.php\/wp-json\/wp\/v2\/posts\/101849\/revisions\/101853"}],"wp:featuredmedia":[{"embeddable":true,"href":"https:\/\/portalmovil.com.ar\/index.php\/wp-json\/wp\/v2\/media\/101852"}],"wp:attachment":[{"href":"https:\/\/portalmovil.com.ar\/index.php\/wp-json\/wp\/v2\/media?parent=101849"}],"wp:term":[{"taxonomy":"category","embeddable":true,"href":"https:\/\/portalmovil.com.ar\/index.php\/wp-json\/wp\/v2\/categories?post=101849"},{"taxonomy":"post_tag","embeddable":true,"href":"https:\/\/portalmovil.com.ar\/index.php\/wp-json\/wp\/v2\/tags?post=101849"}],"curies":[{"name":"wp","href":"https:\/\/api.w.org\/{rel}","templated":true}]}}