{"id":101741,"date":"2024-09-18T02:47:00","date_gmt":"2024-09-18T05:47:00","guid":{"rendered":"https:\/\/portalmovil.com.ar\/?p=101741"},"modified":"2024-09-18T10:51:37","modified_gmt":"2024-09-18T13:51:37","slug":"ingreso-a-la-policia-del-chaco-abren-la-inscripcion-para-incorporar-a-nuevos-agentes","status":"publish","type":"post","link":"https:\/\/portalmovil.com.ar\/index.php\/2024\/09\/18\/ingreso-a-la-policia-del-chaco-abren-la-inscripcion-para-incorporar-a-nuevos-agentes\/","title":{"rendered":"Ingreso a la Polic\u00eda del Chaco: abren la inscripci\u00f3n para incorporar a nuevos agentes"},"content":{"rendered":"\n<h3 class=\"wp-block-heading\"><strong>Este mi\u00e9rcoles, desde el Gobierno provincial brindaron una conferencia de prensa, donde el gobernador Leandro Zdero anunci\u00f3 la apertura de inscripciones para el ingreso a la Polic\u00eda del Chaco.<\/strong>&nbsp;<\/h3>\n\n\n\n<p>Seg\u00fan precis\u00f3 el mandatario,&nbsp;<strong>en julio culmin\u00f3 la preparaci\u00f3n de casi 400 efectivos que fueron distribuidos en toda la provincia; mientras que para diciembre saldr\u00e1n otros 400 polic\u00edas m\u00e1s<\/strong>, que vienen cursando en la Escuela de la instituci\u00f3n.<\/p>\n\n\n\n<h3 class=\"wp-block-heading\">Adem\u00e1s, anunci\u00f3 que&nbsp;<strong>desde el 27 de septiembre se abrir\u00e1n las inscripciones para aquellos que deseen ingresar como alumnos de la Escuela de Polic\u00eda, con un cupo de 500 lugares.<\/strong>&nbsp;<\/h3>\n\n\n\n<p>Asimismo,&nbsp;<strong>se podr\u00e1n anotar otras 120 personas para oficiales subayudantes. Esta inscripci\u00f3n se abrir\u00e1 el 23 de septiembre.<\/strong><\/p>\n\n\n\n<p>\u00abEstamos realizando un trabajo ordenado, asumiendo el compromiso con los chaque\u00f1os de incorporar m\u00e1s polic\u00edas y con mejor formaci\u00f3n\u00bb, sostuvo el gobernador.<\/p>\n\n\n\n<p>Por su parte, el ministro de Seguridad, Hugo Matkovich, indic\u00f3 que\u00a0<strong>el objetivo inmediato de esta medida es \u00abresolver la inseguridad y dotar a la fuerza de recursos, tanto materiales y humanos\u00bb.<\/strong><\/p>\n\n\n\n<p>\u00abNo es f\u00e1cil tomar este tipo de decisiones con las restricciones presupuestarias que tenemos. Son 400 alumnos que hay que pagarles y otros 500 nuevos, que significan una erogaci\u00f3n importante para las finanzas provinciales. Pero el compromiso est\u00e1 asumido\u00bb, asever\u00f3.<\/p>\n\n\n\n<p><\/p>\n","protected":false},"excerpt":{"rendered":"<p>Este mi\u00e9rcoles, desde el Gobierno provincial brindaron una conferencia de prensa, donde el gobernador Leandro Zdero anunci\u00f3 la apertura de inscripciones para el ingreso a la Polic\u00eda del Chaco.&nbsp; Seg\u00fan precis\u00f3 el mandatario,&nbsp;en julio culmin\u00f3 la preparaci\u00f3n de casi 400 efectivos que fueron distribuidos en toda la provincia; mientras que para diciembre saldr\u00e1n otros 400 &hellip;<\/p>\n","protected":false},"author":2,"featured_media":63098,"comment_status":"open","ping_status":"open","sticky":false,"template":"","format":"standard","meta":{"_jetpack_memberships_contains_paid_content":false,"footnotes":"","jetpack_publicize_message":"","jetpack_publicize_feature_enabled":true,"jetpack_social_post_already_shared":true,"jetpack_social_options":{"image_generator_settings":{"template":"highway","default_image_id":0,"font":"","enabled":false},"version":2}},"categories":[5,8,12],"tags":[],"class_list":["post-101741","post","type-post","status-publish","format-standard","has-post-thumbnail","hentry","category-chaco","category-policiales","category-ultimo"],"jetpack_publicize_connections":[],"jetpack_featured_media_url":"https:\/\/portalmovil.com.ar\/wp-content\/uploads\/2022\/09\/286753084_331426029169560_6904282012525819218_n.jpg","jetpack_sharing_enabled":true,"amp_enabled":true,"_links":{"self":[{"href":"https:\/\/portalmovil.com.ar\/index.php\/wp-json\/wp\/v2\/posts\/101741","targetHints":{"allow":["GET"]}}],"collection":[{"href":"https:\/\/portalmovil.com.ar\/index.php\/wp-json\/wp\/v2\/posts"}],"about":[{"href":"https:\/\/portalmovil.com.ar\/index.php\/wp-json\/wp\/v2\/types\/post"}],"author":[{"embeddable":true,"href":"https:\/\/portalmovil.com.ar\/index.php\/wp-json\/wp\/v2\/users\/2"}],"replies":[{"embeddable":true,"href":"https:\/\/portalmovil.com.ar\/index.php\/wp-json\/wp\/v2\/comments?post=101741"}],"version-history":[{"count":1,"href":"https:\/\/portalmovil.com.ar\/index.php\/wp-json\/wp\/v2\/posts\/101741\/revisions"}],"predecessor-version":[{"id":101742,"href":"https:\/\/portalmovil.com.ar\/index.php\/wp-json\/wp\/v2\/posts\/101741\/revisions\/101742"}],"wp:featuredmedia":[{"embeddable":true,"href":"https:\/\/portalmovil.com.ar\/index.php\/wp-json\/wp\/v2\/media\/63098"}],"wp:attachment":[{"href":"https:\/\/portalmovil.com.ar\/index.php\/wp-json\/wp\/v2\/media?parent=101741"}],"wp:term":[{"taxonomy":"category","embeddable":true,"href":"https:\/\/portalmovil.com.ar\/index.php\/wp-json\/wp\/v2\/categories?post=101741"},{"taxonomy":"post_tag","embeddable":true,"href":"https:\/\/portalmovil.com.ar\/index.php\/wp-json\/wp\/v2\/tags?post=101741"}],"curies":[{"name":"wp","href":"https:\/\/api.w.org\/{rel}","templated":true}]}}