{"id":101618,"date":"2024-09-16T11:37:24","date_gmt":"2024-09-16T14:37:24","guid":{"rendered":"https:\/\/portalmovil.com.ar\/?p=101618"},"modified":"2024-09-16T11:37:26","modified_gmt":"2024-09-16T14:37:26","slug":"aradas-junto-a-los-vecinos-de-barrios-aramburu-y-los-pinos-celebraron-la-finalizacion-de-obras","status":"publish","type":"post","link":"https:\/\/portalmovil.com.ar\/index.php\/2024\/09\/16\/aradas-junto-a-los-vecinos-de-barrios-aramburu-y-los-pinos-celebraron-la-finalizacion-de-obras\/","title":{"rendered":"Aradas junto a los vecinos de barrios Aramburu y Los Pinos celebraron la finalizaci\u00f3n de obras"},"content":{"rendered":"\n<p>El presidente del Concejo Deliberante de la capital subray\u00f3 la importancia de dar continuidad a los proyectos inconclusos dejados por las anteriores gestiones provinciales y municipales.<\/p>\n\n\n\n<p><strong>Alejandro Aradas<\/strong>&nbsp;mantuvo un encuentro con los vecinos de los&nbsp;<strong>barrios Aramburu y Los Pinos<\/strong>, en el que&nbsp; destac\u00f3 la finalizaci\u00f3n de obras de pavimentaci\u00f3n que hab\u00edan quedado abandonadas por m\u00e1s de un a\u00f1o y medio. El presidente del Concejo Deliberante de Resistencia destac\u00f3 que el Gobierno provincial logr\u00f3 retomar y culminar los trabajos, que incluyeron adem\u00e1s el enripiado de varias calles de la zona.<\/p>\n\n\n\n<p>Se trata de una obra largamente esperada por los vecinos, quienes expresaron su agradecimiento por el esfuerzo realizado para mejorar la infraestructura del lugar.&nbsp;<strong>Uno de los avances m\u00e1s celebrados fue la pavimentaci\u00f3n del recorrido del colectivo, lo que asegura el ingreso permanente del transporte p\u00fablico, facilitando la movilidad de los residentes<\/strong>.<\/p>\n\n\n\n<p>En su charla con los vecinos, Aradas subray\u00f3 la importancia de dar continuidad a los proyectos inconclusos dejados por las anteriores gestiones provinciales y municipales.\u00a0<strong>\u00abA pesar de la dif\u00edcil situaci\u00f3n financiera que atraviesan el pa\u00eds y la provincia, estamos haciendo lo posible por cumplir con las necesidades de la comunidad\u00bb, manifest\u00f3 el funcionario.\u00a0<\/strong><\/p>\n\n\n\n<p>Adem\u00e1s, destac\u00f3 que la prioridad de su gesti\u00f3n es brindar soluciones concretas a los problemas de los ciudadanos, priorizando obras clave como la que acaba de concluir en estos barrios.&nbsp;<\/p>\n\n\n\n<h2 class=\"wp-block-heading\">Las obras<\/h2>\n\n\n\n<p>El Gobierno provincial ejecut\u00f3<strong>&nbsp;pavimento r\u00edgido con cord\u00f3n integral<\/strong>&nbsp;en los tramos &nbsp;de calle R\u00edo Guaycur\u00fa entre Colectora R.N. N\u00b011 y calle Mar del Plata (7 cuadras); y &nbsp;de calle Mar del Plata entre Av. Islas Malvinas y calle Guaycur\u00fa (5 Cuadras). En tanto que en distintos tramos se procedi\u00f3 a la construcci\u00f3n y reconstrucci\u00f3n de Calzada Natural y\/o consolidada con aporte de suelo material p\u00e9treo, la adecuaci\u00f3n y limpieza de cunetas existentes.&nbsp;<\/p>\n\n\n\n<p><strong>Adem\u00e1s, se realizaron obras de enripiado<\/strong>&nbsp;en las calles Riacho Tatan\u00e9 y &nbsp;R\u00edo de Oro, entre Chapadmalal y Colectora RNN\u00b011; Riacho Caroli, entre San Carlos de Bariloche, Laguna del Desierto; Calle Rio Tragadero, R\u00edo Tapenag\u00e1, Rio Teuco y Riacho; In\u00e9 entre Chapadmalal y San Carlos de Bariloche; Pasaje Laguna del Desierto entre Guaycur\u00fa y R\u00edo Tapenag\u00e1; Calle Ciudad de Cafayate, Lago Argentino y Valle de la Luna entre Av. Islas Malvinas y Chapadmalal; Calle Laguna del Desierto, Cataratas del Iguaz\u00fa, Villa Carlos Paz, Sierras de C\u00f3rdoba y San Carlos de Bariloche; entre Av. Islas Malvinas y Riacho Tatan\u00e9; Calle Isla del Cerrito y Paso Patria entre Guaycur\u00fa y Riacho Tatan\u00e9.<\/p>\n","protected":false},"excerpt":{"rendered":"<p>El presidente del Concejo Deliberante de la capital subray\u00f3 la importancia de dar continuidad a los proyectos inconclusos dejados por las anteriores gestiones provinciales y municipales. Alejandro Aradas&nbsp;mantuvo un encuentro con los vecinos de los&nbsp;barrios Aramburu y Los Pinos, en el que&nbsp; destac\u00f3 la finalizaci\u00f3n de obras de pavimentaci\u00f3n que hab\u00edan quedado abandonadas por m\u00e1s &hellip;<\/p>\n","protected":false},"author":2,"featured_media":101619,"comment_status":"open","ping_status":"open","sticky":false,"template":"","format":"standard","meta":{"_jetpack_memberships_contains_paid_content":false,"footnotes":"","jetpack_publicize_message":"","jetpack_publicize_feature_enabled":true,"jetpack_social_post_already_shared":true,"jetpack_social_options":{"image_generator_settings":{"template":"highway","default_image_id":0,"font":"","enabled":false},"version":2}},"categories":[5,14,37],"tags":[],"class_list":["post-101618","post","type-post","status-publish","format-standard","has-post-thumbnail","hentry","category-chaco","category-politica","category-resistencia"],"jetpack_publicize_connections":[],"jetpack_featured_media_url":"https:\/\/portalmovil.com.ar\/wp-content\/uploads\/2024\/09\/IMG-20240916-WA0036.jpg","jetpack_sharing_enabled":true,"amp_enabled":true,"_links":{"self":[{"href":"https:\/\/portalmovil.com.ar\/index.php\/wp-json\/wp\/v2\/posts\/101618","targetHints":{"allow":["GET"]}}],"collection":[{"href":"https:\/\/portalmovil.com.ar\/index.php\/wp-json\/wp\/v2\/posts"}],"about":[{"href":"https:\/\/portalmovil.com.ar\/index.php\/wp-json\/wp\/v2\/types\/post"}],"author":[{"embeddable":true,"href":"https:\/\/portalmovil.com.ar\/index.php\/wp-json\/wp\/v2\/users\/2"}],"replies":[{"embeddable":true,"href":"https:\/\/portalmovil.com.ar\/index.php\/wp-json\/wp\/v2\/comments?post=101618"}],"version-history":[{"count":1,"href":"https:\/\/portalmovil.com.ar\/index.php\/wp-json\/wp\/v2\/posts\/101618\/revisions"}],"predecessor-version":[{"id":101620,"href":"https:\/\/portalmovil.com.ar\/index.php\/wp-json\/wp\/v2\/posts\/101618\/revisions\/101620"}],"wp:featuredmedia":[{"embeddable":true,"href":"https:\/\/portalmovil.com.ar\/index.php\/wp-json\/wp\/v2\/media\/101619"}],"wp:attachment":[{"href":"https:\/\/portalmovil.com.ar\/index.php\/wp-json\/wp\/v2\/media?parent=101618"}],"wp:term":[{"taxonomy":"category","embeddable":true,"href":"https:\/\/portalmovil.com.ar\/index.php\/wp-json\/wp\/v2\/categories?post=101618"},{"taxonomy":"post_tag","embeddable":true,"href":"https:\/\/portalmovil.com.ar\/index.php\/wp-json\/wp\/v2\/tags?post=101618"}],"curies":[{"name":"wp","href":"https:\/\/api.w.org\/{rel}","templated":true}]}}