{"id":101265,"date":"2024-09-08T16:36:05","date_gmt":"2024-09-08T19:36:05","guid":{"rendered":"https:\/\/portalmovil.com.ar\/?p=101265"},"modified":"2024-09-08T16:36:07","modified_gmt":"2024-09-08T19:36:07","slug":"el-smn-emitio-una-advertencia-por-humo-en-chaco-tras-los-incendios-forestales-de-bolivia-y-brasil","status":"publish","type":"post","link":"https:\/\/portalmovil.com.ar\/index.php\/2024\/09\/08\/el-smn-emitio-una-advertencia-por-humo-en-chaco-tras-los-incendios-forestales-de-bolivia-y-brasil\/","title":{"rendered":"El SMN emiti\u00f3 una advertencia por humo en Chaco tras los incendios forestales de Bolivia y Brasil"},"content":{"rendered":"\n<p>Un fen\u00f3meno inusual, con escasos antecedentes en m\u00e1s de una d\u00e9cada, afecta a la provincia del Chaco y a otras nueve del norte del pa\u00eds. Se trata de una advertencia por humo emitida por el Servicio Meteorol\u00f3gico Nacional (SMN), la que \u2013seg\u00fan los especialistas- encuentra referencias semejantes en 2011 y en 2022.<\/p>\n\n\n\n<p>En la pr\u00e1ctica, el fen\u00f3meno se present\u00f3 con reducida visibilidad y una especie de aureola solar que pr\u00e1cticamente dej\u00f3 invisibilizado al astro rey. De acuerdo con el pron\u00f3stico del tiempo, esta situaci\u00f3n se mantendr\u00eda incluso hasta el pr\u00f3ximo mi\u00e9rcoles o jueves, cuando la rotaci\u00f3n del viento desde el sur traiga algunas precipitaciones.<\/p>\n\n\n\n<p>Este fen\u00f3meno guarda directa relaci\u00f3n con los fuertes incendios que tienen lugar en gran parte de Am\u00e9rica del Sur, y que desde hace d\u00edas tambi\u00e9n afectan a la regi\u00f3n del Amazonas en Brasil. Los incendios forestales en Bolivia comenzaron hace tres meses, pero en las \u00faltimas semanas se propagaron y se salieron de control, y arrasaron con m\u00e1s de cuatro millones de hect\u00e1reas de bosques y pastizales. El humo producido por este fen\u00f3meno lleg\u00f3 al territorio nacional y provoc\u00f3 una advertencia especial del Servicio Meteorol\u00f3gico Nacional (SMN) para diez provincias del norte del pa\u00eds. En Catamarca, Chaco, Corrientes, Formosa, Jujuy, Misiones, Salta, Santa Fe, Santiago del Estero y Tucum\u00e1n rige un aviso especial por \u00abfen\u00f3menos que pueden representar inconvenientes o dificultades en el normal desenvolvimiento en la vida social\u00bb.\u00a0<\/p>\n","protected":false},"excerpt":{"rendered":"<p>Un fen\u00f3meno inusual, con escasos antecedentes en m\u00e1s de una d\u00e9cada, afecta a la provincia del Chaco y a otras nueve del norte del pa\u00eds. Se trata de una advertencia por humo emitida por el Servicio Meteorol\u00f3gico Nacional (SMN), la que \u2013seg\u00fan los especialistas- encuentra referencias semejantes en 2011 y en 2022. En la pr\u00e1ctica, &hellip;<\/p>\n","protected":false},"author":2,"featured_media":101266,"comment_status":"open","ping_status":"open","sticky":false,"template":"","format":"standard","meta":{"_jetpack_memberships_contains_paid_content":false,"footnotes":"","jetpack_publicize_message":"","jetpack_publicize_feature_enabled":true,"jetpack_social_post_already_shared":true,"jetpack_social_options":{"image_generator_settings":{"template":"highway","default_image_id":0,"font":"","enabled":false},"version":2}},"categories":[28],"tags":[],"class_list":["post-101265","post","type-post","status-publish","format-standard","has-post-thumbnail","hentry","category-actualidad"],"jetpack_publicize_connections":[],"jetpack_featured_media_url":"https:\/\/portalmovil.com.ar\/wp-content\/uploads\/2024\/09\/271127_1270010.jpg","jetpack_sharing_enabled":true,"amp_enabled":true,"_links":{"self":[{"href":"https:\/\/portalmovil.com.ar\/index.php\/wp-json\/wp\/v2\/posts\/101265","targetHints":{"allow":["GET"]}}],"collection":[{"href":"https:\/\/portalmovil.com.ar\/index.php\/wp-json\/wp\/v2\/posts"}],"about":[{"href":"https:\/\/portalmovil.com.ar\/index.php\/wp-json\/wp\/v2\/types\/post"}],"author":[{"embeddable":true,"href":"https:\/\/portalmovil.com.ar\/index.php\/wp-json\/wp\/v2\/users\/2"}],"replies":[{"embeddable":true,"href":"https:\/\/portalmovil.com.ar\/index.php\/wp-json\/wp\/v2\/comments?post=101265"}],"version-history":[{"count":1,"href":"https:\/\/portalmovil.com.ar\/index.php\/wp-json\/wp\/v2\/posts\/101265\/revisions"}],"predecessor-version":[{"id":101267,"href":"https:\/\/portalmovil.com.ar\/index.php\/wp-json\/wp\/v2\/posts\/101265\/revisions\/101267"}],"wp:featuredmedia":[{"embeddable":true,"href":"https:\/\/portalmovil.com.ar\/index.php\/wp-json\/wp\/v2\/media\/101266"}],"wp:attachment":[{"href":"https:\/\/portalmovil.com.ar\/index.php\/wp-json\/wp\/v2\/media?parent=101265"}],"wp:term":[{"taxonomy":"category","embeddable":true,"href":"https:\/\/portalmovil.com.ar\/index.php\/wp-json\/wp\/v2\/categories?post=101265"},{"taxonomy":"post_tag","embeddable":true,"href":"https:\/\/portalmovil.com.ar\/index.php\/wp-json\/wp\/v2\/tags?post=101265"}],"curies":[{"name":"wp","href":"https:\/\/api.w.org\/{rel}","templated":true}]}}