{"id":101223,"date":"2024-09-06T20:54:29","date_gmt":"2024-09-06T23:54:29","guid":{"rendered":"https:\/\/portalmovil.com.ar\/?p=101223"},"modified":"2024-09-06T20:54:31","modified_gmt":"2024-09-06T23:54:31","slug":"el-bati-provoco-un-incendio-en-su-celda-y-fue-trasladado-a-basail","status":"publish","type":"post","link":"https:\/\/portalmovil.com.ar\/index.php\/2024\/09\/06\/el-bati-provoco-un-incendio-en-su-celda-y-fue-trasladado-a-basail\/","title":{"rendered":"El \u00abBati\u00bb provoc\u00f3 un incendi\u00f3 en su celda y fue trasladado a Basail"},"content":{"rendered":"\n<p>El abogado defensor del \u00abBati\u00bb, acusado del asesinato de Ram\u00edrez en el kiosco \u00abEl Cham\u00e1n\u00bb, confirm\u00f3 que su cliente fue trasladado a la localidad de Basail debido a amenazas y agresiones de otros detenidos que \u201cpon\u00edan en riesgo su integridad f\u00edsica\u201d<\/p>\n\n\n\n<p>El abogado defensor del \u00abBati\u00bb, acusado del asesinato de Ram\u00edrez en el kiosco \u00abEl Cham\u00e1n\u00bb, Marcos Fabbro dialog\u00f3 con N9 y confirm\u00f3 que su cliente fue trasladado a la localidad de Basail debido a amenazas y agresiones de otros detenidos&nbsp;\u201ctiene que ver con una represalia de los otros detenidos hacia su persona y por el resguardio de su integridad, fue trasladado\u201d&nbsp;<\/p>\n\n\n\n<p>La familia del acusado expres\u00f3 preocupaci\u00f3n por la distancia, pero prioriza la seguridad del joven.<\/p>\n\n\n\n<p>Por su parte, Agustina Fern\u00e1ndez alias \u00abcatinguda\u00bb, tambi\u00e9n acusada en la causa, permanece en Villa Los Lirios. El abogado indic\u00f3 que se est\u00e1n evaluando nuevas pruebas y que se han presentado peticiones para ambos defendidos.<\/p>\n\n\n\n<p><strong>El hecho<\/strong><\/p>\n\n\n\n<p>El Gran Resistencia est\u00e1 en un momento de gran ebullici\u00f3n en materia de seguridad, con hechos cada vez m\u00e1s violentos. Un hombre que regresaba a su casa, pero que antes decidi\u00f3 pasar por un kiosco 24 horas en avenida Alvear al 3100, fue asesinado de un disparo por un motochorro, quien cont\u00f3 como c\u00f3mplice y conductora de la moto con su novia. Ambos fueron detenidos en la ma\u00f1ana de ayer en la avenida Sarmiento y ruta nacional 16, luego de intensos procedimientos.<\/p>\n\n\n\n<p>La v\u00edctima fue identificada como Ram\u00f3n Antonio Ram\u00edrez, de 58 a\u00f1os, era chapista de autos y viv\u00eda a pocas cuadras de donde fue ultimado de un balazo. Ten\u00eda tres hijos. De acuerdo con las primeras averiguaciones y mediante las c\u00e1maras de seguridad, Ram\u00edrez subi\u00f3 con su moto a la vereda del kiosco Chaman y detr\u00e1s lo hizo el ladr\u00f3n a pie, ya que la moto con la que lleg\u00f3 hasta la escena la conduc\u00eda otra persona.<\/p>\n\n\n\n<p>La Polic\u00eda del Chaco logr\u00f3 detener a los dos presuntos responsables del crimen de Ram\u00f3n Ram\u00edrez, de 58 a\u00f1os, al detener a los \u00c1ngel Barrios, conocido como \u00abBati\u00bb, de 26 a\u00f1os, y Agustina F., apodada \u00abCatinguda\u00bb.<\/p>\n","protected":false},"excerpt":{"rendered":"<p>El abogado defensor del \u00abBati\u00bb, acusado del asesinato de Ram\u00edrez en el kiosco \u00abEl Cham\u00e1n\u00bb, confirm\u00f3 que su cliente fue trasladado a la localidad de Basail debido a amenazas y agresiones de otros detenidos que \u201cpon\u00edan en riesgo su integridad f\u00edsica\u201d El abogado defensor del \u00abBati\u00bb, acusado del asesinato de Ram\u00edrez en el kiosco \u00abEl &hellip;<\/p>\n","protected":false},"author":2,"featured_media":101225,"comment_status":"open","ping_status":"open","sticky":false,"template":"","format":"standard","meta":{"_jetpack_memberships_contains_paid_content":false,"footnotes":"","jetpack_publicize_message":"","jetpack_publicize_feature_enabled":true,"jetpack_social_post_already_shared":true,"jetpack_social_options":{"image_generator_settings":{"template":"highway","default_image_id":0,"font":"","enabled":false},"version":2}},"categories":[5,8],"tags":[],"class_list":["post-101223","post","type-post","status-publish","format-standard","has-post-thumbnail","hentry","category-chaco","category-policiales"],"jetpack_publicize_connections":[],"jetpack_featured_media_url":"https:\/\/portalmovil.com.ar\/wp-content\/uploads\/2024\/09\/271845w850h466c.jpg.webp","jetpack_sharing_enabled":true,"amp_enabled":true,"_links":{"self":[{"href":"https:\/\/portalmovil.com.ar\/index.php\/wp-json\/wp\/v2\/posts\/101223","targetHints":{"allow":["GET"]}}],"collection":[{"href":"https:\/\/portalmovil.com.ar\/index.php\/wp-json\/wp\/v2\/posts"}],"about":[{"href":"https:\/\/portalmovil.com.ar\/index.php\/wp-json\/wp\/v2\/types\/post"}],"author":[{"embeddable":true,"href":"https:\/\/portalmovil.com.ar\/index.php\/wp-json\/wp\/v2\/users\/2"}],"replies":[{"embeddable":true,"href":"https:\/\/portalmovil.com.ar\/index.php\/wp-json\/wp\/v2\/comments?post=101223"}],"version-history":[{"count":1,"href":"https:\/\/portalmovil.com.ar\/index.php\/wp-json\/wp\/v2\/posts\/101223\/revisions"}],"predecessor-version":[{"id":101226,"href":"https:\/\/portalmovil.com.ar\/index.php\/wp-json\/wp\/v2\/posts\/101223\/revisions\/101226"}],"wp:featuredmedia":[{"embeddable":true,"href":"https:\/\/portalmovil.com.ar\/index.php\/wp-json\/wp\/v2\/media\/101225"}],"wp:attachment":[{"href":"https:\/\/portalmovil.com.ar\/index.php\/wp-json\/wp\/v2\/media?parent=101223"}],"wp:term":[{"taxonomy":"category","embeddable":true,"href":"https:\/\/portalmovil.com.ar\/index.php\/wp-json\/wp\/v2\/categories?post=101223"},{"taxonomy":"post_tag","embeddable":true,"href":"https:\/\/portalmovil.com.ar\/index.php\/wp-json\/wp\/v2\/tags?post=101223"}],"curies":[{"name":"wp","href":"https:\/\/api.w.org\/{rel}","templated":true}]}}