{"id":100935,"date":"2024-09-02T09:58:26","date_gmt":"2024-09-02T12:58:26","guid":{"rendered":"https:\/\/portalmovil.com.ar\/?p=100935"},"modified":"2024-09-02T09:58:29","modified_gmt":"2024-09-02T12:58:29","slug":"avellaneda-denunciaron-a-un-profesor-de-un-jardin-de-infantes-por-abuso-sexual","status":"publish","type":"post","link":"https:\/\/portalmovil.com.ar\/index.php\/2024\/09\/02\/avellaneda-denunciaron-a-un-profesor-de-un-jardin-de-infantes-por-abuso-sexual\/","title":{"rendered":"Avellaneda: denunciaron a un profesor de un jard\u00edn de infantes por abuso sexual"},"content":{"rendered":"\n<p>Un profesor de educaci\u00f3n f\u00edsica del jard\u00edn de infantes municipal N\u00b039 de la localidad de Wilde, en el partido bonaerense de Avellaneda, fue denunciado por, al menos, 15 casos de abuso sexual infantil. Todo se descubri\u00f3 a partir de que los padres comentaran en un grupo de WhatsApp las actitudes extra\u00f1as que hab\u00edan manifestado sus hijos \u00faltimamente. \u201cMi hija me dijo que el profesor la tocaba\u201d, relat\u00f3 una de las madres de las v\u00edctimas, que tienen entre 4 y 5 a\u00f1os.<\/p>\n\n\n\n<p>El denunciado, identificado como Gast\u00f3n, no solo no fue separado del cargo, sino que desde la direcci\u00f3n del jard\u00edn informaron que continuar\u00e1 sus tareas en el \u00e1rea administrativa de la instituci\u00f3n municipal. Hay al menos 15 denuncias y estiman que podr\u00edan ser muchas m\u00e1s.<\/p>\n\n\n\n<p>Los padres relataron que sus hijos comenzaron a sufrir pesadillas, llantos nocturnos y ciertos retrasos madurativos que les llamaron la atenci\u00f3n. Fue entonces cuando, en diferentes oportunidades, los menores comenzaron a contar detalles de las aberrantes situaciones que viv\u00edan en el jard\u00edn de infantes y el accionar del profesor denunciado. \u00abNo quiero que este monstruo de clases en ning\u00fan otro jard\u00edn\u00bb, pidi\u00f3 uno de los padres.<\/p>\n\n\n\n<p>\u201cElla dice que jugaban dos juegos, uno era el de &#8216;polic\u00edas y ladrones&#8217;, donde ellos corr\u00edan y cuando \u00e9l los deten\u00eda, aprovechaba para tocarles la cola, seg\u00fan la palabra de mi nena; y otro juego era el juego del &#8216;pajarito y la tormenta&#8217;, que cuando sonaba un pajarito en una canci\u00f3n, ellos ten\u00edan que salir corriendo hacia un sector del sal\u00f3n y ponerse en cuclillas y \u00e9l entonces aprovechaba los tocaba\u201d, cont\u00f3 una de las madres.<\/p>\n\n\n\n<p>La denuncia fue realizada el viernes en la Comisar\u00eda 5\u00aa. En la causa interviene la UFI N\u00b02 de Avellaneda, a cargo de la fiscal Mercedes Dudan, especializada en delitos contra la integridad sexual, inform\u00e1ticos, violencia familiar y de g\u00e9nero.<\/p>\n","protected":false},"excerpt":{"rendered":"<p>Un profesor de educaci\u00f3n f\u00edsica del jard\u00edn de infantes municipal N\u00b039 de la localidad de Wilde, en el partido bonaerense de Avellaneda, fue denunciado por, al menos, 15 casos de abuso sexual infantil. Todo se descubri\u00f3 a partir de que los padres comentaran en un grupo de WhatsApp las actitudes extra\u00f1as que hab\u00edan manifestado sus &hellip;<\/p>\n","protected":false},"author":6,"featured_media":100936,"comment_status":"open","ping_status":"open","sticky":false,"template":"","format":"standard","meta":{"_jetpack_memberships_contains_paid_content":false,"footnotes":"","jetpack_publicize_message":"","jetpack_publicize_feature_enabled":true,"jetpack_social_post_already_shared":true,"jetpack_social_options":{"image_generator_settings":{"template":"highway","default_image_id":0,"font":"","enabled":false},"version":2}},"categories":[8],"tags":[],"class_list":["post-100935","post","type-post","status-publish","format-standard","has-post-thumbnail","hentry","category-policiales"],"jetpack_publicize_connections":[],"jetpack_featured_media_url":"https:\/\/portalmovil.com.ar\/wp-content\/uploads\/2024\/09\/avellaneda.webp","jetpack_sharing_enabled":true,"amp_enabled":true,"_links":{"self":[{"href":"https:\/\/portalmovil.com.ar\/index.php\/wp-json\/wp\/v2\/posts\/100935","targetHints":{"allow":["GET"]}}],"collection":[{"href":"https:\/\/portalmovil.com.ar\/index.php\/wp-json\/wp\/v2\/posts"}],"about":[{"href":"https:\/\/portalmovil.com.ar\/index.php\/wp-json\/wp\/v2\/types\/post"}],"author":[{"embeddable":true,"href":"https:\/\/portalmovil.com.ar\/index.php\/wp-json\/wp\/v2\/users\/6"}],"replies":[{"embeddable":true,"href":"https:\/\/portalmovil.com.ar\/index.php\/wp-json\/wp\/v2\/comments?post=100935"}],"version-history":[{"count":1,"href":"https:\/\/portalmovil.com.ar\/index.php\/wp-json\/wp\/v2\/posts\/100935\/revisions"}],"predecessor-version":[{"id":100937,"href":"https:\/\/portalmovil.com.ar\/index.php\/wp-json\/wp\/v2\/posts\/100935\/revisions\/100937"}],"wp:featuredmedia":[{"embeddable":true,"href":"https:\/\/portalmovil.com.ar\/index.php\/wp-json\/wp\/v2\/media\/100936"}],"wp:attachment":[{"href":"https:\/\/portalmovil.com.ar\/index.php\/wp-json\/wp\/v2\/media?parent=100935"}],"wp:term":[{"taxonomy":"category","embeddable":true,"href":"https:\/\/portalmovil.com.ar\/index.php\/wp-json\/wp\/v2\/categories?post=100935"},{"taxonomy":"post_tag","embeddable":true,"href":"https:\/\/portalmovil.com.ar\/index.php\/wp-json\/wp\/v2\/tags?post=100935"}],"curies":[{"name":"wp","href":"https:\/\/api.w.org\/{rel}","templated":true}]}}