{"id":100761,"date":"2024-08-28T16:20:29","date_gmt":"2024-08-28T19:20:29","guid":{"rendered":"https:\/\/portalmovil.com.ar\/?p=100761"},"modified":"2024-08-28T16:21:23","modified_gmt":"2024-08-28T19:21:23","slug":"ordenaron-reubicar-a-presos-que-estaban-en-mal-estado-dentro-del-complejo-penitenciario-de-saenz-pena","status":"publish","type":"post","link":"https:\/\/portalmovil.com.ar\/index.php\/2024\/08\/28\/ordenaron-reubicar-a-presos-que-estaban-en-mal-estado-dentro-del-complejo-penitenciario-de-saenz-pena\/","title":{"rendered":"Ordenaron reubicar a presos que estaban en mal estado dentro del Complejo Penitenciario de S\u00e1enz Pe\u00f1a"},"content":{"rendered":"\n<p>La Justicia de Chaco orden\u00f3 la clausura del M\u00f3dulo VII del Complejo Penitenciario II de S\u00e1enz Pe\u00f1a, debido a las condiciones inhumanas en las que se encontraban los 22 reclusos alojados en el lugar.<\/p>\n\n\n\n<p><strong>La clausura se llev\u00f3 adelante este mi\u00e9rcoles por la ma\u00f1ana, luego de que se constate que las instalaciones eran \u00absucias, nauseabundas, h\u00famedas, oscuras y peligrosas\u00bb.La higiene era calificada como \u00abdeplorable\u00bb, con la mayor\u00eda de las celdas careciendo de instalaciones sanitarias adecuadas y sin acceso a agua potable.<\/strong><\/p>\n\n\n\n<p>La decisi\u00f3n fue tomada por la&nbsp;<strong>C\u00e1mara Primera en lo Criminal de S\u00e1enz Pe\u00f1a, bajo la supervisi\u00f3n del Juez Rodolfo Lineras, y se basa en la sentencia N\u00b0 76 emitida por el magistrado.<\/strong><\/p>\n\n\n\n<p>El informe del Comit\u00e9 fue contundente: describi\u00f3 las celdas del M\u00f3dulo VII como Los 22 reclusos permanec\u00edan encerrados en sus celdas las 24 horas del d\u00eda, sin acceso a luz natural, durmiendo en colchones rotos y h\u00famedos en el suelo, mientras que las conexiones el\u00e9ctricas eran precarias y solo algunos calabozos del piso inferior ten\u00edan acceso a agua por dos horas al d\u00eda.<\/p>\n","protected":false},"excerpt":{"rendered":"<p>La Justicia de Chaco orden\u00f3 la clausura del M\u00f3dulo VII del Complejo Penitenciario II de S\u00e1enz Pe\u00f1a, debido a las condiciones inhumanas en las que se encontraban los 22 reclusos alojados en el lugar. La clausura se llev\u00f3 adelante este mi\u00e9rcoles por la ma\u00f1ana, luego de que se constate que las instalaciones eran \u00absucias, nauseabundas, &hellip;<\/p>\n","protected":false},"author":2,"featured_media":100765,"comment_status":"open","ping_status":"open","sticky":false,"template":"","format":"standard","meta":{"_jetpack_memberships_contains_paid_content":false,"footnotes":"","jetpack_publicize_message":"","jetpack_publicize_feature_enabled":true,"jetpack_social_post_already_shared":true,"jetpack_social_options":{"image_generator_settings":{"template":"highway","default_image_id":0,"font":"","enabled":false},"version":2}},"categories":[5,50],"tags":[],"class_list":["post-100761","post","type-post","status-publish","format-standard","has-post-thumbnail","hentry","category-chaco","category-judiciales"],"jetpack_publicize_connections":[],"jetpack_featured_media_url":"https:\/\/portalmovil.com.ar\/wp-content\/uploads\/2024\/08\/carcel.jpg","jetpack_sharing_enabled":true,"amp_enabled":true,"_links":{"self":[{"href":"https:\/\/portalmovil.com.ar\/index.php\/wp-json\/wp\/v2\/posts\/100761","targetHints":{"allow":["GET"]}}],"collection":[{"href":"https:\/\/portalmovil.com.ar\/index.php\/wp-json\/wp\/v2\/posts"}],"about":[{"href":"https:\/\/portalmovil.com.ar\/index.php\/wp-json\/wp\/v2\/types\/post"}],"author":[{"embeddable":true,"href":"https:\/\/portalmovil.com.ar\/index.php\/wp-json\/wp\/v2\/users\/2"}],"replies":[{"embeddable":true,"href":"https:\/\/portalmovil.com.ar\/index.php\/wp-json\/wp\/v2\/comments?post=100761"}],"version-history":[{"count":1,"href":"https:\/\/portalmovil.com.ar\/index.php\/wp-json\/wp\/v2\/posts\/100761\/revisions"}],"predecessor-version":[{"id":100764,"href":"https:\/\/portalmovil.com.ar\/index.php\/wp-json\/wp\/v2\/posts\/100761\/revisions\/100764"}],"wp:featuredmedia":[{"embeddable":true,"href":"https:\/\/portalmovil.com.ar\/index.php\/wp-json\/wp\/v2\/media\/100765"}],"wp:attachment":[{"href":"https:\/\/portalmovil.com.ar\/index.php\/wp-json\/wp\/v2\/media?parent=100761"}],"wp:term":[{"taxonomy":"category","embeddable":true,"href":"https:\/\/portalmovil.com.ar\/index.php\/wp-json\/wp\/v2\/categories?post=100761"},{"taxonomy":"post_tag","embeddable":true,"href":"https:\/\/portalmovil.com.ar\/index.php\/wp-json\/wp\/v2\/tags?post=100761"}],"curies":[{"name":"wp","href":"https:\/\/api.w.org\/{rel}","templated":true}]}}