{"id":100657,"date":"2024-08-27T08:46:51","date_gmt":"2024-08-27T11:46:51","guid":{"rendered":"https:\/\/portalmovil.com.ar\/?p=100657"},"modified":"2024-08-27T08:46:53","modified_gmt":"2024-08-27T11:46:53","slug":"zdero-entrego-protesis-a-afiliados-del-insssep","status":"publish","type":"post","link":"https:\/\/portalmovil.com.ar\/index.php\/2024\/08\/27\/zdero-entrego-protesis-a-afiliados-del-insssep\/","title":{"rendered":"Zdero entreg\u00f3 pr\u00f3tesis a afiliados del InSSSeP"},"content":{"rendered":"\n<p>El gobernador Leandro \u00a0Zdero hizo entrega en la tarde de este lunes, de ayudas t\u00e9cnicas de pr\u00f3tesis, en un acto realizado en la sede de la Farmacia Social del Instituto de Seguridad Social Seguros y Pr\u00e9stamos (INSSSEP). El primer mandatario estuvo acompa\u00f1ado de la presidente del Directorio de la obra social provincial, Irene Dumrauf. Asi, en el marco del Programa \u00abINSSSEP gestiona\u00bb, a trav\u00e9s del \u00c1rea de Pr\u00f3tesis, fueron beneficiados 40 afiliados activos y pasivos, con elementos ortop\u00e9dicos como camas, sillas, colchones antiescaras, y andadores, entre otros.<\/p>\n\n\n\n<p>\u00abEsto es posible cuando la administraci\u00f3n de los recursos p\u00fablicos se hace de manera responsable, en un contexto tan dif\u00edcil y complejo\u00bb, asever\u00f3 el gobernador. La entrega de pr\u00f3tesis est\u00e1 vinculada a uno de los ejes prioritarios que se viene \u00a0trabajando, por parte de las autoridades del Instituto, para dar respuestas concretas \u00a0a las necesidades prioritarias que se registra d\u00eda a d\u00eda. Zdero prioriz\u00f3 \u00abal afiliado primero\u00bb, reconociendo as\u00ed a quienes aportan todos los meses para tener la devoluci\u00f3n y la atenci\u00f3n de su obra social. Esto lo vamos haciendo en una compleja situaci\u00f3n de ordenamiento de un organismo que encontramos anarquizado y con much\u00edsimas deudas. Por eso, resalto que la transparencia del proceso y la gesti\u00f3n va a servir para que la gente vuelva a confiar\u00bb.<\/p>\n\n\n\n<p>El gobernador destac\u00f3 el \u00abtrabajo extraordinario\u00bb de la presidente Dumrauf y de la vicepresidente Mariana Salom. \u00abHemos tenido la firme convicci\u00f3n no solamente de acompa\u00f1ar sino de recuperar esta obra social, primero saldando una deuda millonaria que ten\u00eda el organismo y de esa manera hoy podemos decir que estamos subsanando ya el pago del 2023 y avanzando fuertemente en una regularizaci\u00f3n\u00bb.<\/p>\n\n\n\n<figure class=\"wp-block-image size-full\"><img loading=\"lazy\" decoding=\"async\" width=\"440\" height=\"280\" src=\"https:\/\/portalmovil.com.ar\/wp-content\/uploads\/2024\/08\/613777w440h280c.jpg.webp\" alt=\"\" class=\"wp-image-100658\" srcset=\"https:\/\/portalmovil.com.ar\/wp-content\/uploads\/2024\/08\/613777w440h280c.jpg.webp 440w, https:\/\/portalmovil.com.ar\/wp-content\/uploads\/2024\/08\/613777w440h280c.jpg-300x191.webp 300w\" sizes=\"auto, (max-width: 440px) 100vw, 440px\" \/><\/figure>\n","protected":false},"excerpt":{"rendered":"<p>El gobernador Leandro \u00a0Zdero hizo entrega en la tarde de este lunes, de ayudas t\u00e9cnicas de pr\u00f3tesis, en un acto realizado en la sede de la Farmacia Social del Instituto de Seguridad Social Seguros y Pr\u00e9stamos (INSSSEP). El primer mandatario estuvo acompa\u00f1ado de la presidente del Directorio de la obra social provincial, Irene Dumrauf. Asi, &hellip;<\/p>\n","protected":false},"author":2,"featured_media":100659,"comment_status":"open","ping_status":"open","sticky":false,"template":"","format":"standard","meta":{"_jetpack_memberships_contains_paid_content":false,"footnotes":"","jetpack_publicize_message":"","jetpack_publicize_feature_enabled":true,"jetpack_social_post_already_shared":true,"jetpack_social_options":{"image_generator_settings":{"template":"highway","default_image_id":0,"font":"","enabled":false},"version":2}},"categories":[5,14,12],"tags":[],"class_list":["post-100657","post","type-post","status-publish","format-standard","has-post-thumbnail","hentry","category-chaco","category-politica","category-ultimo"],"jetpack_publicize_connections":[],"jetpack_featured_media_url":"https:\/\/portalmovil.com.ar\/wp-content\/uploads\/2024\/08\/613776w480h353c.jpg.webp","jetpack_sharing_enabled":true,"amp_enabled":true,"_links":{"self":[{"href":"https:\/\/portalmovil.com.ar\/index.php\/wp-json\/wp\/v2\/posts\/100657","targetHints":{"allow":["GET"]}}],"collection":[{"href":"https:\/\/portalmovil.com.ar\/index.php\/wp-json\/wp\/v2\/posts"}],"about":[{"href":"https:\/\/portalmovil.com.ar\/index.php\/wp-json\/wp\/v2\/types\/post"}],"author":[{"embeddable":true,"href":"https:\/\/portalmovil.com.ar\/index.php\/wp-json\/wp\/v2\/users\/2"}],"replies":[{"embeddable":true,"href":"https:\/\/portalmovil.com.ar\/index.php\/wp-json\/wp\/v2\/comments?post=100657"}],"version-history":[{"count":1,"href":"https:\/\/portalmovil.com.ar\/index.php\/wp-json\/wp\/v2\/posts\/100657\/revisions"}],"predecessor-version":[{"id":100660,"href":"https:\/\/portalmovil.com.ar\/index.php\/wp-json\/wp\/v2\/posts\/100657\/revisions\/100660"}],"wp:featuredmedia":[{"embeddable":true,"href":"https:\/\/portalmovil.com.ar\/index.php\/wp-json\/wp\/v2\/media\/100659"}],"wp:attachment":[{"href":"https:\/\/portalmovil.com.ar\/index.php\/wp-json\/wp\/v2\/media?parent=100657"}],"wp:term":[{"taxonomy":"category","embeddable":true,"href":"https:\/\/portalmovil.com.ar\/index.php\/wp-json\/wp\/v2\/categories?post=100657"},{"taxonomy":"post_tag","embeddable":true,"href":"https:\/\/portalmovil.com.ar\/index.php\/wp-json\/wp\/v2\/tags?post=100657"}],"curies":[{"name":"wp","href":"https:\/\/api.w.org\/{rel}","templated":true}]}}