{"id":1006,"date":"2020-01-28T07:32:58","date_gmt":"2020-01-28T10:32:58","guid":{"rendered":"http:\/\/portalmovil.com.ar\/?p=1006"},"modified":"2020-01-28T07:33:04","modified_gmt":"2020-01-28T10:33:04","slug":"el-gobierno-provincial-rindio-homenaje-a-las-victimas-del-holocausto","status":"publish","type":"post","link":"https:\/\/portalmovil.com.ar\/index.php\/2020\/01\/28\/el-gobierno-provincial-rindio-homenaje-a-las-victimas-del-holocausto\/","title":{"rendered":"El Gobierno provincial rindi\u00f3 homenaje a las victimas del holocausto"},"content":{"rendered":"\n<p>El gobernador Jorge Capitanich con todo su Gabinete y con la comunidad jud\u00eda de Resistencia, participaron este lunes por la tarde en la plaza 9 de julio, frente al monumento a la Humanidad, el aniversario del D\u00eda Internacional de la Conmemoraci\u00f3n y Recordaci\u00f3n de las V\u00edctimas de la Sho\u00e1, que se recuerda cada 27 de enero.<\/p>\n\n\n\n<p>Mientras el mundo conmemora el 75\u00ba aniversario del Holocausto, Capitanich asegur\u00f3 que \u201cel mensaje es claro\u201d y remarc\u00f3 que \u201cel antisemitismo no puede ni debe tener cabida en nuestra sociedad. Recurrir a la memoria significa tener una clara orientaci\u00f3n, compromiso y convicci\u00f3n para que nunca m\u00e1s ocurran hechos horrendos de estas caracter\u00edsticas\u201d.<\/p>\n\n\n\n<p>\u201cTenemos no s\u00f3lo el compromiso sino la obligaci\u00f3n de recordarlo de manera permanente\u201d, insisti\u00f3 el mandatario, a la vez que remarc\u00f3 que despu\u00e9s de 75 a\u00f1os, \u201choy m\u00e1s que nunca hay que tener una clara visi\u00f3n para que esto no se repita, capacitar, tomar conciencia y erradicar las orientaciones ideol\u00f3gicas que promueven el antisemitismo\u201d.<\/p>\n\n\n\n<p>\u201cDecimos que las comunidades originarias, criollas y las de inmigrantes expresan el pluriling\u00fcismo, la multiculturalidad y la plurirreligiosidad y de ellas aprendemos los valores del respeto hacia el otro y la plena vigencia de los derechos humanos. Es parte de una cultura que se traspasa de generaci\u00f3n en generaci\u00f3n\u201d, manifest\u00f3.<\/p>\n\n\n\n<figure class=\"wp-block-image size-large\"><img loading=\"lazy\" decoding=\"async\" width=\"850\" height=\"550\" src=\"https:\/\/portalmovil.com.ar\/wp-content\/uploads\/2020\/01\/mp-2-1.jpg\" alt=\"\" class=\"wp-image-1007\" srcset=\"https:\/\/portalmovil.com.ar\/wp-content\/uploads\/2020\/01\/mp-2-1.jpg 850w, https:\/\/portalmovil.com.ar\/wp-content\/uploads\/2020\/01\/mp-2-1-300x194.jpg 300w, https:\/\/portalmovil.com.ar\/wp-content\/uploads\/2020\/01\/mp-2-1-768x497.jpg 768w\" sizes=\"auto, (max-width: 850px) 100vw, 850px\" \/><figcaption>Casa de las Esculturas<\/figcaption><\/figure>\n\n\n\n<p>El mandatario record\u00f3 que, retomando lo establecido tanto en la Ley Nacional de Educaci\u00f3n como en la Ley provincial, \u201cinstituimos como parte de la ense\u00f1anza educativa la importancia de la Sho\u00e1 con car\u00e1cter obligatorio, y lo trataremos en el Congreso pedag\u00f3gico\u201d, finaliz\u00f3 <\/p>\n\n\n\n<p> Por su parte el presidente de la Asociaci\u00f3n Israelita de Resistencia, Uri Jaraz, resalt\u00f3 una vez m\u00e1s el acompa\u00f1amiento institucional del gobernador y todo su gabinete. \u201cAgradecemos la colaboraci\u00f3n y el hecho de que el Gobierno haya llevado adelante el acto\u201d, dijo.<br>Adem\u00e1s recuper\u00f3 el gesto del Presidente de la Naci\u00f3n, Alberto Fern\u00e1ndez: \u201cesto empez\u00f3 con la presencia inesperada del presidente de la Naci\u00f3n en el Quinto Foro Mundial del Sho\u00e1 que se hizo en Israel para concientizar a toda la poblaci\u00f3n\u201d.<\/p>\n","protected":false},"excerpt":{"rendered":"<p>El gobernador Jorge Capitanich con todo su Gabinete y con la comunidad jud\u00eda de Resistencia, participaron este lunes por la tarde en la plaza 9 de julio, frente al monumento a la Humanidad, el aniversario del D\u00eda Internacional de la Conmemoraci\u00f3n y Recordaci\u00f3n de las V\u00edctimas de la Sho\u00e1, que se recuerda cada 27 de &hellip;<\/p>\n","protected":false},"author":2,"featured_media":1008,"comment_status":"open","ping_status":"open","sticky":false,"template":"","format":"standard","meta":{"_jetpack_memberships_contains_paid_content":false,"footnotes":"","jetpack_publicize_message":"","jetpack_publicize_feature_enabled":true,"jetpack_social_post_already_shared":true,"jetpack_social_options":{"image_generator_settings":{"template":"highway","default_image_id":0,"font":"","enabled":false},"version":2}},"categories":[5,14,12],"tags":[165],"class_list":["post-1006","post","type-post","status-publish","format-standard","has-post-thumbnail","hentry","category-chaco","category-politica","category-ultimo","tag-gobierno"],"jetpack_publicize_connections":[],"jetpack_featured_media_url":"https:\/\/portalmovil.com.ar\/wp-content\/uploads\/2020\/01\/pmx.jpg","jetpack_sharing_enabled":true,"amp_enabled":true,"_links":{"self":[{"href":"https:\/\/portalmovil.com.ar\/index.php\/wp-json\/wp\/v2\/posts\/1006","targetHints":{"allow":["GET"]}}],"collection":[{"href":"https:\/\/portalmovil.com.ar\/index.php\/wp-json\/wp\/v2\/posts"}],"about":[{"href":"https:\/\/portalmovil.com.ar\/index.php\/wp-json\/wp\/v2\/types\/post"}],"author":[{"embeddable":true,"href":"https:\/\/portalmovil.com.ar\/index.php\/wp-json\/wp\/v2\/users\/2"}],"replies":[{"embeddable":true,"href":"https:\/\/portalmovil.com.ar\/index.php\/wp-json\/wp\/v2\/comments?post=1006"}],"version-history":[{"count":1,"href":"https:\/\/portalmovil.com.ar\/index.php\/wp-json\/wp\/v2\/posts\/1006\/revisions"}],"predecessor-version":[{"id":1009,"href":"https:\/\/portalmovil.com.ar\/index.php\/wp-json\/wp\/v2\/posts\/1006\/revisions\/1009"}],"wp:featuredmedia":[{"embeddable":true,"href":"https:\/\/portalmovil.com.ar\/index.php\/wp-json\/wp\/v2\/media\/1008"}],"wp:attachment":[{"href":"https:\/\/portalmovil.com.ar\/index.php\/wp-json\/wp\/v2\/media?parent=1006"}],"wp:term":[{"taxonomy":"category","embeddable":true,"href":"https:\/\/portalmovil.com.ar\/index.php\/wp-json\/wp\/v2\/categories?post=1006"},{"taxonomy":"post_tag","embeddable":true,"href":"https:\/\/portalmovil.com.ar\/index.php\/wp-json\/wp\/v2\/tags?post=1006"}],"curies":[{"name":"wp","href":"https:\/\/api.w.org\/{rel}","templated":true}]}}