{"id":100510,"date":"2024-08-23T18:59:21","date_gmt":"2024-08-23T21:59:21","guid":{"rendered":"https:\/\/portalmovil.com.ar\/?p=100510"},"modified":"2024-08-23T18:59:24","modified_gmt":"2024-08-23T21:59:24","slug":"aseguran-que-karina-milei-decidio-echar-a-la-diputada-lourdes-arrieta-del-bloque-oficialista","status":"publish","type":"post","link":"https:\/\/portalmovil.com.ar\/index.php\/2024\/08\/23\/aseguran-que-karina-milei-decidio-echar-a-la-diputada-lourdes-arrieta-del-bloque-oficialista\/","title":{"rendered":"Aseguran que Karina Milei decidi\u00f3 echar a la diputada Lourdes Arrieta del bloque oficialista"},"content":{"rendered":"\n<p>Las principales figuras que rodean al presidente Javier Milei siguen en una din\u00e1mica de enfrentamientos p\u00fablicos que parecen no tener soluci\u00f3n de continuidad. La secretaria general de la Presidencia (y hermana del mandatario) Karina Milei dio la orden de expulsar del bloque oficialista en C\u00e1mara de Diputados a la mendocina Lourdes Arrieta, quien hab\u00eda protagonizado varios episodios intensos en las \u00faltimas semanas.\u00a0<\/p>\n\n\n\n<p>Esta diputada estuvo en el foco de las cr\u00edticas por una pol\u00e9mica visita al ex represor Astiz (cuando se le reclam\u00f3 esto, ella dijo que no conoc\u00eda que estaba acusado de delitos de lesa humanidad). D\u00efas despu\u00e9s present\u00f3 una denuncia penal contra el titular de la C\u00e1mara, Mart\u00edn Menem, lo cual fue un duro golpe para la estabilidad pol\u00edtica de La Libertad Avanza en el Congreso. Sin embargo, la gota que colm\u00f3 el vaso, seg\u00fan se dio a conocer este viernes, fue una acusaci\u00f3n de participar en reuniones con el presidente del bloque kirchnerista, Germ\u00e1n Mart\u00ednez, y con Leopoldo Moreau. Luego de ese encuentro Arrieta tuvo un cruce abierto con otros diputados oficialistas en la Comisi\u00f3n de Peticiones y Reglamento. Esto deton\u00f3 la bronca y la orden de Karina Milei.\u00a0<\/p>\n\n\n\n<p>Hay que recordar que d\u00edas atr\u00e1s, la diputada Lilia Lemoine, muy cercana a Javier Milei, tambi\u00e9n hab\u00eda arremetido contra Arrieta acus\u00e1ndola de \u00abtener problemas de salud mental\u00bb y tambi\u00e9n \u00abde jugar sucio, incluso con apoyo del enemigo kirchnerismo\u00bb. De esta manera, el oficialismo perder\u00e1 una diputada, lo cual quedar\u00e1 concretado en la sesi\u00f3n del pr\u00f3ximo martes, cuando se espera que Arrieta anunciar\u00e1 su bloque unipersonal. La situaci\u00f3n pone m\u00e1s calor en un contexto donde los cruces entre el Gobierno y algunos legisladores del PRO llev\u00f3 a que Milei le dijera a Mauricio Macri p\u00fablicamente \u00abque no maneja su tropa\u00bb.<\/p>\n\n\n\n<p>De tal manera, la hermana del Presidente, (que ya se hab\u00eda encargado de correr al ex jefe del bloque, Oscar Zago, por rebelarse, y que excluy\u00f3 a Marcela Pagano de la mesa de decisiones del grupo legislativo) evalu\u00f3 que era momento de sacarse de encima a la legisladora mendocina. Seg\u00fan se dej\u00f3 trascender, el jefe del bloque oficialista, el cordob\u00e9s Gabriel Bornoroni &nbsp;no tuvo un rol importante en la decisi\u00f3n. Por ahora, Lourdes Arrieta se llam\u00f3 a silencio ante la insistencia de los medios de comunicaci\u00f3n. Con su expulsi\u00f3n, el bloque libertario, que empez\u00f3 con tan s\u00f3lo 38 diputados en diciembre, quedar\u00eda a\u00fan m\u00e1s disminuido.&nbsp;<\/p>\n","protected":false},"excerpt":{"rendered":"<p>Las principales figuras que rodean al presidente Javier Milei siguen en una din\u00e1mica de enfrentamientos p\u00fablicos que parecen no tener soluci\u00f3n de continuidad. La secretaria general de la Presidencia (y hermana del mandatario) Karina Milei dio la orden de expulsar del bloque oficialista en C\u00e1mara de Diputados a la mendocina Lourdes Arrieta, quien hab\u00eda protagonizado &hellip;<\/p>\n","protected":false},"author":2,"featured_media":100511,"comment_status":"open","ping_status":"open","sticky":false,"template":"","format":"standard","meta":{"_jetpack_memberships_contains_paid_content":false,"footnotes":"","jetpack_publicize_message":"","jetpack_publicize_feature_enabled":true,"jetpack_social_post_already_shared":true,"jetpack_social_options":{"image_generator_settings":{"template":"highway","default_image_id":0,"font":"","enabled":false},"version":2}},"categories":[639,14],"tags":[],"class_list":["post-100510","post","type-post","status-publish","format-standard","has-post-thumbnail","hentry","category-argentina","category-politica"],"jetpack_publicize_connections":[],"jetpack_featured_media_url":"https:\/\/portalmovil.com.ar\/wp-content\/uploads\/2024\/08\/600x400_aseguran-karina-milei-decidio-echar-diputada-lourdes-arrieta-bloque-oficialista-1048663-184120.jpeg","jetpack_sharing_enabled":true,"amp_enabled":true,"_links":{"self":[{"href":"https:\/\/portalmovil.com.ar\/index.php\/wp-json\/wp\/v2\/posts\/100510","targetHints":{"allow":["GET"]}}],"collection":[{"href":"https:\/\/portalmovil.com.ar\/index.php\/wp-json\/wp\/v2\/posts"}],"about":[{"href":"https:\/\/portalmovil.com.ar\/index.php\/wp-json\/wp\/v2\/types\/post"}],"author":[{"embeddable":true,"href":"https:\/\/portalmovil.com.ar\/index.php\/wp-json\/wp\/v2\/users\/2"}],"replies":[{"embeddable":true,"href":"https:\/\/portalmovil.com.ar\/index.php\/wp-json\/wp\/v2\/comments?post=100510"}],"version-history":[{"count":1,"href":"https:\/\/portalmovil.com.ar\/index.php\/wp-json\/wp\/v2\/posts\/100510\/revisions"}],"predecessor-version":[{"id":100512,"href":"https:\/\/portalmovil.com.ar\/index.php\/wp-json\/wp\/v2\/posts\/100510\/revisions\/100512"}],"wp:featuredmedia":[{"embeddable":true,"href":"https:\/\/portalmovil.com.ar\/index.php\/wp-json\/wp\/v2\/media\/100511"}],"wp:attachment":[{"href":"https:\/\/portalmovil.com.ar\/index.php\/wp-json\/wp\/v2\/media?parent=100510"}],"wp:term":[{"taxonomy":"category","embeddable":true,"href":"https:\/\/portalmovil.com.ar\/index.php\/wp-json\/wp\/v2\/categories?post=100510"},{"taxonomy":"post_tag","embeddable":true,"href":"https:\/\/portalmovil.com.ar\/index.php\/wp-json\/wp\/v2\/tags?post=100510"}],"curies":[{"name":"wp","href":"https:\/\/api.w.org\/{rel}","templated":true}]}}