{"id":100332,"date":"2024-08-20T19:50:28","date_gmt":"2024-08-20T22:50:28","guid":{"rendered":"https:\/\/portalmovil.com.ar\/?p=100332"},"modified":"2024-08-20T19:50:30","modified_gmt":"2024-08-20T22:50:30","slug":"desde-la-madrugada-de-este-miercoles-se-esperan-fuertes-lluvias-y-tormentas","status":"publish","type":"post","link":"https:\/\/portalmovil.com.ar\/index.php\/2024\/08\/20\/desde-la-madrugada-de-este-miercoles-se-esperan-fuertes-lluvias-y-tormentas\/","title":{"rendered":"Desde la madrugada de este mi\u00e9rcoles se esperan fuertes lluvias y tormentas"},"content":{"rendered":"\n<p>El Servicio Meteorol\u00f3gico Nacional emiti\u00f3 un alerta amarillo por tormentas fuertes para la noche del mi\u00e9rcoles y la ma\u00f1ana del jueves, en el centro, sur y este del Chaco, y se anticipa un marcado descenso de temperatura, llegando al viernes con una m\u00ednima de 5 grados.<\/p>\n\n\n\n<p>El informe indica que entre la noche del mi\u00e9rcoles y la ma\u00f1ana del jueves habr\u00e1 lluvias y tormentas de variada intensidad, algunas fuertes, con ocasional ca\u00edda de granizo, r\u00e1fagas intensas, importante actividad el\u00e9ctrica y abundante ca\u00edda de agua en cortos per\u00edodos.<\/p>\n\n\n\n<p>Se esperan valores de precipitaci\u00f3n acumulada entre 40 y 80 mm, pudiendo ser superados en forma puntual.<\/p>\n\n\n\n<p>El alerta abarca a todo el centro, el sur, el este y el noreste de la provincia del Chaco, y tambi\u00e9n al noreste de Santa Fe, gran parte de la provincia de Corrientes, y casi todo el territorio de Entre R\u00edos.<\/p>\n\n\n\n<p><\/p>\n\n\n\n<h2 class=\"wp-block-heading\">C\u00d3MO SEGUIR\u00c1 EL TIEMPO EN RESISTENCIA<\/h2>\n\n\n\n<p>Para este mi\u00e9rcoles se anuncian tormentas aisladas durante la ma\u00f1ana y la tarde, y tormentas fuertes hacia la noche, con vientos moderados del sur. La temperatura oscilar\u00e1 entre 15 grados de m\u00ednima y 20 de m\u00e1xima.<\/p>\n\n\n\n<p>En tanto, para el jueves se prev\u00e9 tormentas fuertes por la ma\u00f1ana, mejorando a partir de la tarde, y vientos moderados del sur rotando al sudeste, con un piso t\u00e9rmico de 11 grados y un techo de 17.<\/p>\n\n\n\n<p>Asimismo, para el viernes se anticipa cielo algo nublado, con notorio descenso de temperatura: m\u00ednima de 5 grados y m\u00e1xima de 19.<\/p>\n","protected":false},"excerpt":{"rendered":"<p>El Servicio Meteorol\u00f3gico Nacional emiti\u00f3 un alerta amarillo por tormentas fuertes para la noche del mi\u00e9rcoles y la ma\u00f1ana del jueves, en el centro, sur y este del Chaco, y se anticipa un marcado descenso de temperatura, llegando al viernes con una m\u00ednima de 5 grados. El informe indica que entre la noche del mi\u00e9rcoles &hellip;<\/p>\n","protected":false},"author":2,"featured_media":68431,"comment_status":"open","ping_status":"open","sticky":false,"template":"","format":"standard","meta":{"_jetpack_memberships_contains_paid_content":false,"footnotes":"","jetpack_publicize_message":"","jetpack_publicize_feature_enabled":true,"jetpack_social_post_already_shared":true,"jetpack_social_options":{"image_generator_settings":{"template":"highway","default_image_id":0,"font":"","enabled":false},"version":2}},"categories":[28,5],"tags":[],"class_list":["post-100332","post","type-post","status-publish","format-standard","has-post-thumbnail","hentry","category-actualidad","category-chaco"],"jetpack_publicize_connections":[],"jetpack_featured_media_url":"https:\/\/portalmovil.com.ar\/wp-content\/uploads\/2022\/12\/634bf51ea8afb_600_315.jpg","jetpack_sharing_enabled":true,"amp_enabled":true,"_links":{"self":[{"href":"https:\/\/portalmovil.com.ar\/index.php\/wp-json\/wp\/v2\/posts\/100332","targetHints":{"allow":["GET"]}}],"collection":[{"href":"https:\/\/portalmovil.com.ar\/index.php\/wp-json\/wp\/v2\/posts"}],"about":[{"href":"https:\/\/portalmovil.com.ar\/index.php\/wp-json\/wp\/v2\/types\/post"}],"author":[{"embeddable":true,"href":"https:\/\/portalmovil.com.ar\/index.php\/wp-json\/wp\/v2\/users\/2"}],"replies":[{"embeddable":true,"href":"https:\/\/portalmovil.com.ar\/index.php\/wp-json\/wp\/v2\/comments?post=100332"}],"version-history":[{"count":1,"href":"https:\/\/portalmovil.com.ar\/index.php\/wp-json\/wp\/v2\/posts\/100332\/revisions"}],"predecessor-version":[{"id":100333,"href":"https:\/\/portalmovil.com.ar\/index.php\/wp-json\/wp\/v2\/posts\/100332\/revisions\/100333"}],"wp:featuredmedia":[{"embeddable":true,"href":"https:\/\/portalmovil.com.ar\/index.php\/wp-json\/wp\/v2\/media\/68431"}],"wp:attachment":[{"href":"https:\/\/portalmovil.com.ar\/index.php\/wp-json\/wp\/v2\/media?parent=100332"}],"wp:term":[{"taxonomy":"category","embeddable":true,"href":"https:\/\/portalmovil.com.ar\/index.php\/wp-json\/wp\/v2\/categories?post=100332"},{"taxonomy":"post_tag","embeddable":true,"href":"https:\/\/portalmovil.com.ar\/index.php\/wp-json\/wp\/v2\/tags?post=100332"}],"curies":[{"name":"wp","href":"https:\/\/api.w.org\/{rel}","templated":true}]}}