{"id":100283,"date":"2024-08-20T09:15:30","date_gmt":"2024-08-20T12:15:30","guid":{"rendered":"https:\/\/portalmovil.com.ar\/?p=100283"},"modified":"2024-08-20T09:15:33","modified_gmt":"2024-08-20T12:15:33","slug":"robo-cables-y-canerias-del-instituto-de-cultura-y-fue-detenido","status":"publish","type":"post","link":"https:\/\/portalmovil.com.ar\/index.php\/2024\/08\/20\/robo-cables-y-canerias-del-instituto-de-cultura-y-fue-detenido\/","title":{"rendered":"Rob\u00f3 cables y ca\u00f1er\u00edas del Instituto de Cultura y fue detenido"},"content":{"rendered":"\n<p>Agentes de la Divisi\u00f3n Delitos contra la Propiedad estaban realizando un operativo propio por las calles de Resistencia cuando advirtieron el accionar de un roba cables.<\/p>\n\n\n\n<p>Todo sucedi\u00f3 alrededor de las 5 en la sede del Instituto de Cultura, organismo dependiente del Gobierno provincial, ubicado en la calle Don Bosco al 700. All\u00ed, los efectivos vieron c\u00f3mo un hombre estaba robando cables y otros elementos de la instituci\u00f3n.<\/p>\n\n\n\n<p>El personal policial le dio la voz de alto y el delincuente intent\u00f3 huir arrojando todos los elementos robados; sin embargo, fue detenido a los pocos metros por calle Jos\u00e9 Hern\u00e1ndez. El ladr\u00f3n fue identificado como D.M.O.<\/p>\n\n\n\n<p>Finalmente, los secuestros y el demorado fueron entregados a la Comisar\u00eda Primera de Resistencia por razones de jurisdicci\u00f3n.<\/p>\n","protected":false},"excerpt":{"rendered":"<p>Agentes de la Divisi\u00f3n Delitos contra la Propiedad estaban realizando un operativo propio por las calles de Resistencia cuando advirtieron el accionar de un roba cables. Todo sucedi\u00f3 alrededor de las 5 en la sede del Instituto de Cultura, organismo dependiente del Gobierno provincial, ubicado en la calle Don Bosco al 700. All\u00ed, los efectivos &hellip;<\/p>\n","protected":false},"author":6,"featured_media":100284,"comment_status":"open","ping_status":"open","sticky":false,"template":"","format":"standard","meta":{"_jetpack_memberships_contains_paid_content":false,"footnotes":"","jetpack_publicize_message":"","jetpack_publicize_feature_enabled":true,"jetpack_social_post_already_shared":true,"jetpack_social_options":{"image_generator_settings":{"template":"highway","default_image_id":0,"font":"","enabled":false},"version":2}},"categories":[8,37],"tags":[],"class_list":["post-100283","post","type-post","status-publish","format-standard","has-post-thumbnail","hentry","category-policiales","category-resistencia"],"jetpack_publicize_connections":[],"jetpack_featured_media_url":"https:\/\/portalmovil.com.ar\/wp-content\/uploads\/2024\/08\/resistencia-10.webp","jetpack_sharing_enabled":true,"amp_enabled":true,"_links":{"self":[{"href":"https:\/\/portalmovil.com.ar\/index.php\/wp-json\/wp\/v2\/posts\/100283","targetHints":{"allow":["GET"]}}],"collection":[{"href":"https:\/\/portalmovil.com.ar\/index.php\/wp-json\/wp\/v2\/posts"}],"about":[{"href":"https:\/\/portalmovil.com.ar\/index.php\/wp-json\/wp\/v2\/types\/post"}],"author":[{"embeddable":true,"href":"https:\/\/portalmovil.com.ar\/index.php\/wp-json\/wp\/v2\/users\/6"}],"replies":[{"embeddable":true,"href":"https:\/\/portalmovil.com.ar\/index.php\/wp-json\/wp\/v2\/comments?post=100283"}],"version-history":[{"count":1,"href":"https:\/\/portalmovil.com.ar\/index.php\/wp-json\/wp\/v2\/posts\/100283\/revisions"}],"predecessor-version":[{"id":100285,"href":"https:\/\/portalmovil.com.ar\/index.php\/wp-json\/wp\/v2\/posts\/100283\/revisions\/100285"}],"wp:featuredmedia":[{"embeddable":true,"href":"https:\/\/portalmovil.com.ar\/index.php\/wp-json\/wp\/v2\/media\/100284"}],"wp:attachment":[{"href":"https:\/\/portalmovil.com.ar\/index.php\/wp-json\/wp\/v2\/media?parent=100283"}],"wp:term":[{"taxonomy":"category","embeddable":true,"href":"https:\/\/portalmovil.com.ar\/index.php\/wp-json\/wp\/v2\/categories?post=100283"},{"taxonomy":"post_tag","embeddable":true,"href":"https:\/\/portalmovil.com.ar\/index.php\/wp-json\/wp\/v2\/tags?post=100283"}],"curies":[{"name":"wp","href":"https:\/\/api.w.org\/{rel}","templated":true}]}}