{"id":100229,"date":"2024-08-19T11:57:14","date_gmt":"2024-08-19T14:57:14","guid":{"rendered":"https:\/\/portalmovil.com.ar\/?p=100229"},"modified":"2024-08-19T11:57:16","modified_gmt":"2024-08-19T14:57:16","slug":"un-alumno-llevo-un-arma-al-colegio-investigan-si-era-victima-de-bullying","status":"publish","type":"post","link":"https:\/\/portalmovil.com.ar\/index.php\/2024\/08\/19\/un-alumno-llevo-un-arma-al-colegio-investigan-si-era-victima-de-bullying\/","title":{"rendered":"Un alumno llev\u00f3 un arma al colegio: investigan si era v\u00edctima de bullying"},"content":{"rendered":"\n<p>El menor de 15 a\u00f1os fue descubierto por sus compa\u00f1eros portando armas en el ba\u00f1o.<\/p>\n\n\n\n<p>El hecho tuvo lugar en la ma\u00f1ana de este lunes en el Colegio Secundario Luis Federico Leloir de la capital correntina.<\/p>\n\n\n\n<p>Aparentemente, un menor de 15 a\u00f1os habr\u00eda llevado un rev\u00f3lver calibre 22 al colegio. Sus compa\u00f1eros lo descubrieron tom\u00e1ndose selfies en el ba\u00f1o mientras portaba el arma, por lo que dieron aviso inmediato a las autoridades. La polic\u00eda se hizo presente en el lugar.<\/p>\n\n\n\n<p>Seg\u00fan algunos padres de alumnos, no ser\u00eda la primera vez que el menor de 15 a\u00f1os lleva un arma al colegio.<\/p>\n","protected":false},"excerpt":{"rendered":"<p>El menor de 15 a\u00f1os fue descubierto por sus compa\u00f1eros portando armas en el ba\u00f1o. El hecho tuvo lugar en la ma\u00f1ana de este lunes en el Colegio Secundario Luis Federico Leloir de la capital correntina. Aparentemente, un menor de 15 a\u00f1os habr\u00eda llevado un rev\u00f3lver calibre 22 al colegio. Sus compa\u00f1eros lo descubrieron tom\u00e1ndose &hellip;<\/p>\n","protected":false},"author":2,"featured_media":100230,"comment_status":"open","ping_status":"open","sticky":false,"template":"","format":"standard","meta":{"_jetpack_memberships_contains_paid_content":false,"footnotes":"","jetpack_publicize_message":"","jetpack_publicize_feature_enabled":true,"jetpack_social_post_already_shared":true,"jetpack_social_options":{"image_generator_settings":{"template":"highway","default_image_id":0,"font":"","enabled":false},"version":2}},"categories":[639,50],"tags":[],"class_list":["post-100229","post","type-post","status-publish","format-standard","has-post-thumbnail","hentry","category-argentina","category-judiciales"],"jetpack_publicize_connections":[],"jetpack_featured_media_url":"https:\/\/portalmovil.com.ar\/wp-content\/uploads\/2024\/08\/FCvZbUtWUAQ0dAo.jpg","jetpack_sharing_enabled":true,"amp_enabled":true,"_links":{"self":[{"href":"https:\/\/portalmovil.com.ar\/index.php\/wp-json\/wp\/v2\/posts\/100229","targetHints":{"allow":["GET"]}}],"collection":[{"href":"https:\/\/portalmovil.com.ar\/index.php\/wp-json\/wp\/v2\/posts"}],"about":[{"href":"https:\/\/portalmovil.com.ar\/index.php\/wp-json\/wp\/v2\/types\/post"}],"author":[{"embeddable":true,"href":"https:\/\/portalmovil.com.ar\/index.php\/wp-json\/wp\/v2\/users\/2"}],"replies":[{"embeddable":true,"href":"https:\/\/portalmovil.com.ar\/index.php\/wp-json\/wp\/v2\/comments?post=100229"}],"version-history":[{"count":1,"href":"https:\/\/portalmovil.com.ar\/index.php\/wp-json\/wp\/v2\/posts\/100229\/revisions"}],"predecessor-version":[{"id":100231,"href":"https:\/\/portalmovil.com.ar\/index.php\/wp-json\/wp\/v2\/posts\/100229\/revisions\/100231"}],"wp:featuredmedia":[{"embeddable":true,"href":"https:\/\/portalmovil.com.ar\/index.php\/wp-json\/wp\/v2\/media\/100230"}],"wp:attachment":[{"href":"https:\/\/portalmovil.com.ar\/index.php\/wp-json\/wp\/v2\/media?parent=100229"}],"wp:term":[{"taxonomy":"category","embeddable":true,"href":"https:\/\/portalmovil.com.ar\/index.php\/wp-json\/wp\/v2\/categories?post=100229"},{"taxonomy":"post_tag","embeddable":true,"href":"https:\/\/portalmovil.com.ar\/index.php\/wp-json\/wp\/v2\/tags?post=100229"}],"curies":[{"name":"wp","href":"https:\/\/api.w.org\/{rel}","templated":true}]}}