{"id":100164,"date":"2024-08-18T16:42:43","date_gmt":"2024-08-18T19:42:43","guid":{"rendered":"https:\/\/portalmovil.com.ar\/?p=100164"},"modified":"2024-08-18T16:42:45","modified_gmt":"2024-08-18T19:42:45","slug":"encontraron-el-cuerpo-de-un-joven-que-desaparecio-el-11-de-agosto-al-caer-al-rio","status":"publish","type":"post","link":"https:\/\/portalmovil.com.ar\/index.php\/2024\/08\/18\/encontraron-el-cuerpo-de-un-joven-que-desaparecio-el-11-de-agosto-al-caer-al-rio\/","title":{"rendered":"Encontraron el cuerpo de un joven que desapareci\u00f3 el 11 de agosto al caer al r\u00edo"},"content":{"rendered":"\n<p>Hallaron el cuerpo de un hombre que desapareci\u00f3 tras caer al r\u00edo cuando pescaba. El joven estaba&nbsp;desaparecido desde el 11&nbsp;de agosto en la localidad correntina de Monte Caseros.&nbsp;<\/p>\n\n\n\n<p>Este domingo que hallaron el cuerpo del hombre de 32 a\u00f1os que desapareci\u00f3 luego de caer de un bote en el r\u00edo Uruguay en la localidad correntina de Monte Caseros. As\u00ed lo inform\u00f3 Prefectura Naval.<\/p>\n\n\n\n<p>La v\u00edctima&nbsp;hab\u00eda desaparecido en la noche del domingo 11&nbsp;de agosto luego de que su bote se de vuelta y caer al r\u00edo.&nbsp;<\/p>\n\n\n\n<p>En este marco, Prefectura Naval en conjunto con Bomberos Voluntarios hab\u00edan iniciado los&nbsp;rastrillando en la zona del lugar se\u00f1alado donde ocurri\u00f3 el hecho.&nbsp;<\/p>\n\n\n\n<p>De esta manera y luego de varios d\u00edas de&nbsp;b\u00fasqueda, hallaron el cuerpo del hombre en la Laguna Negra del r\u00edo Uruguay.&nbsp;<\/p>\n","protected":false},"excerpt":{"rendered":"<p>Hallaron el cuerpo de un hombre que desapareci\u00f3 tras caer al r\u00edo cuando pescaba. El joven estaba&nbsp;desaparecido desde el 11&nbsp;de agosto en la localidad correntina de Monte Caseros.&nbsp; Este domingo que hallaron el cuerpo del hombre de 32 a\u00f1os que desapareci\u00f3 luego de caer de un bote en el r\u00edo Uruguay en la localidad correntina &hellip;<\/p>\n","protected":false},"author":2,"featured_media":100165,"comment_status":"open","ping_status":"open","sticky":false,"template":"","format":"standard","meta":{"_jetpack_memberships_contains_paid_content":false,"footnotes":"","jetpack_publicize_message":"","jetpack_publicize_feature_enabled":true,"jetpack_social_post_already_shared":true,"jetpack_social_options":{"image_generator_settings":{"template":"highway","default_image_id":0,"font":"","enabled":false},"version":2}},"categories":[8],"tags":[],"class_list":["post-100164","post","type-post","status-publish","format-standard","has-post-thumbnail","hentry","category-policiales"],"jetpack_publicize_connections":[],"jetpack_featured_media_url":"https:\/\/portalmovil.com.ar\/wp-content\/uploads\/2024\/08\/707037_grande.jpg","jetpack_sharing_enabled":true,"amp_enabled":true,"_links":{"self":[{"href":"https:\/\/portalmovil.com.ar\/index.php\/wp-json\/wp\/v2\/posts\/100164","targetHints":{"allow":["GET"]}}],"collection":[{"href":"https:\/\/portalmovil.com.ar\/index.php\/wp-json\/wp\/v2\/posts"}],"about":[{"href":"https:\/\/portalmovil.com.ar\/index.php\/wp-json\/wp\/v2\/types\/post"}],"author":[{"embeddable":true,"href":"https:\/\/portalmovil.com.ar\/index.php\/wp-json\/wp\/v2\/users\/2"}],"replies":[{"embeddable":true,"href":"https:\/\/portalmovil.com.ar\/index.php\/wp-json\/wp\/v2\/comments?post=100164"}],"version-history":[{"count":1,"href":"https:\/\/portalmovil.com.ar\/index.php\/wp-json\/wp\/v2\/posts\/100164\/revisions"}],"predecessor-version":[{"id":100166,"href":"https:\/\/portalmovil.com.ar\/index.php\/wp-json\/wp\/v2\/posts\/100164\/revisions\/100166"}],"wp:featuredmedia":[{"embeddable":true,"href":"https:\/\/portalmovil.com.ar\/index.php\/wp-json\/wp\/v2\/media\/100165"}],"wp:attachment":[{"href":"https:\/\/portalmovil.com.ar\/index.php\/wp-json\/wp\/v2\/media?parent=100164"}],"wp:term":[{"taxonomy":"category","embeddable":true,"href":"https:\/\/portalmovil.com.ar\/index.php\/wp-json\/wp\/v2\/categories?post=100164"},{"taxonomy":"post_tag","embeddable":true,"href":"https:\/\/portalmovil.com.ar\/index.php\/wp-json\/wp\/v2\/tags?post=100164"}],"curies":[{"name":"wp","href":"https:\/\/api.w.org\/{rel}","templated":true}]}}