{"id":100086,"date":"2024-08-16T04:42:00","date_gmt":"2024-08-16T07:42:00","guid":{"rendered":"https:\/\/portalmovil.com.ar\/?p=100086"},"modified":"2024-08-16T16:44:45","modified_gmt":"2024-08-16T19:44:45","slug":"zdero-anuncio-la-creacion-de-equipos-interdisciplinarios-regionales-educativas","status":"publish","type":"post","link":"https:\/\/portalmovil.com.ar\/index.php\/2024\/08\/16\/zdero-anuncio-la-creacion-de-equipos-interdisciplinarios-regionales-educativas\/","title":{"rendered":"Zdero anunci\u00f3 la creaci\u00f3n de Equipos Interdisciplinarios Regionales Educativas"},"content":{"rendered":"\n<p>El gobernador\u00a0<strong>Leandro Zdero<\/strong>, junto a la ministra de Educaci\u00f3n, Cultura, Ciencia y Tecnolog\u00eda,\u00a0<strong>Sof\u00eda Naidenoff,<\/strong>\u00a0anunci\u00f3 este viernes<strong>\u00a0la creaci\u00f3n de Equipos Interdisciplinarios en todas las Regionales Educativas de la Provincia<\/strong>, en el marco del Proyecto\u00a0<strong>\u00abSomos Inclusi\u00f3n Chaco\u00bb<\/strong>, con el objetivo de \u00abacompa\u00f1ar las trayectorias de los estudiantes en procesos de inclusi\u00f3n, brindando herramientas, estrategias e intervenciones cuando las situaciones lo requieran\u00bb.<\/p>\n\n\n\n<p>Desde el Aula Magna de la Universidad Nacional del Nordeste (UNNE) y ante la presencia de docentes de jardines de infantes, escuelas especiales, primarias y secundarias del \u00e1rea metropolitana, el gobernador manifest\u00f3 que \u00abla inclusi\u00f3n no se declama, sino que se hace realidad d\u00eda a d\u00eda. Esa fue la premisa que nos hemos propuesto hace un tiempo atr\u00e1s\u00bb.<\/p>\n\n\n\n<p><\/p>\n\n\n\n<h2 class=\"wp-block-heading\"><strong>ZDERO: \u00abQUE LA INCLUSI\u00d3N SEA UNA REALIDAD\u00bb<\/strong><\/h2>\n\n\n\n<p>En ese sentido, el gobernador coment\u00f3: \u00abMe compromet\u00ed con los docentes, que son el brazo ejecutor para que esa inclusi\u00f3n sea una realidad, de poder formar estos equipos interdisciplinarios, y<strong>&nbsp;en total cuentan con 153 especialistas, para que podamos acompa\u00f1ar el proceso de formaci\u00f3n de los chicos, las familias y de los docentes<\/strong>\u00ab.<\/p>\n\n\n\n<p>\u00ab<strong>Es un paso muy importante que estamos dando, marca un hecho hist\u00f3rico en la provincia, un antes y un despu\u00e9s<\/strong>\u00ab, afirm\u00f3 Zdero. \u00abM\u00e1s all\u00e1 de las gestiones, esperamos dejar esto como una pol\u00edtica de Estado, que pueda acompa\u00f1ar a los estudiantes y sus familias\u00bb, manifest\u00f3 el Gobernador.<\/p>\n","protected":false},"excerpt":{"rendered":"<p>El gobernador\u00a0Leandro Zdero, junto a la ministra de Educaci\u00f3n, Cultura, Ciencia y Tecnolog\u00eda,\u00a0Sof\u00eda Naidenoff,\u00a0anunci\u00f3 este viernes\u00a0la creaci\u00f3n de Equipos Interdisciplinarios en todas las Regionales Educativas de la Provincia, en el marco del Proyecto\u00a0\u00abSomos Inclusi\u00f3n Chaco\u00bb, con el objetivo de \u00abacompa\u00f1ar las trayectorias de los estudiantes en procesos de inclusi\u00f3n, brindando herramientas, estrategias e intervenciones cuando &hellip;<\/p>\n","protected":false},"author":2,"featured_media":100087,"comment_status":"open","ping_status":"open","sticky":false,"template":"","format":"standard","meta":{"_jetpack_memberships_contains_paid_content":false,"footnotes":"","jetpack_publicize_message":"","jetpack_publicize_feature_enabled":true,"jetpack_social_post_already_shared":true,"jetpack_social_options":{"image_generator_settings":{"template":"highway","default_image_id":0,"font":"","enabled":false},"version":2}},"categories":[5,14,12],"tags":[],"class_list":["post-100086","post","type-post","status-publish","format-standard","has-post-thumbnail","hentry","category-chaco","category-politica","category-ultimo"],"jetpack_publicize_connections":[],"jetpack_featured_media_url":"https:\/\/portalmovil.com.ar\/wp-content\/uploads\/2024\/08\/612743w480h320c.jpg.webp","jetpack_sharing_enabled":true,"amp_enabled":true,"_links":{"self":[{"href":"https:\/\/portalmovil.com.ar\/index.php\/wp-json\/wp\/v2\/posts\/100086","targetHints":{"allow":["GET"]}}],"collection":[{"href":"https:\/\/portalmovil.com.ar\/index.php\/wp-json\/wp\/v2\/posts"}],"about":[{"href":"https:\/\/portalmovil.com.ar\/index.php\/wp-json\/wp\/v2\/types\/post"}],"author":[{"embeddable":true,"href":"https:\/\/portalmovil.com.ar\/index.php\/wp-json\/wp\/v2\/users\/2"}],"replies":[{"embeddable":true,"href":"https:\/\/portalmovil.com.ar\/index.php\/wp-json\/wp\/v2\/comments?post=100086"}],"version-history":[{"count":1,"href":"https:\/\/portalmovil.com.ar\/index.php\/wp-json\/wp\/v2\/posts\/100086\/revisions"}],"predecessor-version":[{"id":100088,"href":"https:\/\/portalmovil.com.ar\/index.php\/wp-json\/wp\/v2\/posts\/100086\/revisions\/100088"}],"wp:featuredmedia":[{"embeddable":true,"href":"https:\/\/portalmovil.com.ar\/index.php\/wp-json\/wp\/v2\/media\/100087"}],"wp:attachment":[{"href":"https:\/\/portalmovil.com.ar\/index.php\/wp-json\/wp\/v2\/media?parent=100086"}],"wp:term":[{"taxonomy":"category","embeddable":true,"href":"https:\/\/portalmovil.com.ar\/index.php\/wp-json\/wp\/v2\/categories?post=100086"},{"taxonomy":"post_tag","embeddable":true,"href":"https:\/\/portalmovil.com.ar\/index.php\/wp-json\/wp\/v2\/tags?post=100086"}],"curies":[{"name":"wp","href":"https:\/\/api.w.org\/{rel}","templated":true}]}}