{"id":100015,"date":"2024-08-15T18:08:02","date_gmt":"2024-08-15T21:08:02","guid":{"rendered":"https:\/\/portalmovil.com.ar\/?p=100015"},"modified":"2024-08-15T18:08:05","modified_gmt":"2024-08-15T21:08:05","slug":"un-senador-propuso-castrar-a-los-violadores-que-te-parece-la-idea","status":"publish","type":"post","link":"https:\/\/portalmovil.com.ar\/index.php\/2024\/08\/15\/un-senador-propuso-castrar-a-los-violadores-que-te-parece-la-idea\/","title":{"rendered":"Un senador propuso castrar a los violadores: que te parece la idea?"},"content":{"rendered":"\n<p>El Senado comenz\u00f3 a tratar este jueves la iniciativa para la ampliaci\u00f3n del Registro Nacional de Datos Gen\u00e9ticos para investigar delitos contra la integridad sexual, que recibi\u00f3 media sanci\u00f3n en Diputados con algunos cambios, y&nbsp;<strong>as\u00ed volvi\u00f3 a surgir el tema de la castraci\u00f3n de personas condenadas por abuso sexual con acceso carnal<\/strong>.<\/p>\n\n\n\n<p>\u00ab<strong>Tenemos que empezar a hablar de castraci\u00f3n. Habr\u00e1 que hablar de cosas inc\u00f3modas que nunca se hablaron<\/strong>\u00ab, expres\u00f3 el senador formose\u00f1o Francisco Paoltroni, de La Libertad Avanza, que luego asegur\u00f3 en declaraciones radiales que \u00abhay que estudiar qu\u00e9 hicieron los pa\u00edses del primer mundo, hay que profundizar en el tema\u00bb.<\/p>\n\n\n\n<p>\u00ab<strong>Es el inicio de un camino que hay que recorrer<\/strong>\u00ab, convino el senador de La Libertad Avanza por Formosa.<\/p>\n\n\n\n<p>Tras la sanci\u00f3n en Diputados -con algunas modificaciones al proyecto original- el Senado tiene que evaluar c\u00f3mo ser\u00eda modificaci\u00f3n de la Ley 26.879, que cre\u00f3 en 2013 un registro de datos gen\u00e9ticos de personas condenadas por delitos contra la integridad sexual.<\/p>\n\n\n\n<p>La iniciativa actual&nbsp;<strong>busca que la Justicia pueda obtener muestras para crear el perfil gen\u00e9tico de cualquier persona mayor de 18 a\u00f1os que est\u00e9 imputada por un delito de abuso sexual agravado (violaci\u00f3n)<\/strong>, sin que haya condena. La informaci\u00f3n se guardar\u00eda durante un plazo de almacenamiento de cuatro meses.<\/p>\n\n\n\n<p>S\u00f3lo en el caso de las personas menores de edad sus perfiles gen\u00e9ticos \u00abs\u00f3lo podr\u00e1n ser incorporados si fueron declarados penalmente responsables por la comisi\u00f3n de un delito\u00bb, consta en el texto de la iniciativa.<\/p>\n\n\n\n<p>El Gobierno celebr\u00f3 la sanci\u00f3n en Diputados por tratarse de una \u00abmedida impulsada por el Poder Ejecutivo y elaborada por el Ministerio de Seguridad de la Naci\u00f3n\u00bb, tambi\u00e9n de La Libertad Avanza.<\/p>\n\n\n\n<p>\u00abEste nuevo sistema incluye el aporte voluntario de familiares de personas en b\u00fasqueda, con el objetivo de comparar el perfil gen\u00e9tico de un cuerpo o de una persona no identificada con aquellas huellas otorgadas por la familia\u00bb, expresaron desde la oficina del Presidente.<\/p>\n\n\n\n<p>La iniciativa fue aprobada con 146 votos positivos, 87 rechazos y ocho abstenciones en Diputados, y en el Senado ya tiene adeptos y hasta interesados en profundizar en la materia.<\/p>\n","protected":false},"excerpt":{"rendered":"<p>El Senado comenz\u00f3 a tratar este jueves la iniciativa para la ampliaci\u00f3n del Registro Nacional de Datos Gen\u00e9ticos para investigar delitos contra la integridad sexual, que recibi\u00f3 media sanci\u00f3n en Diputados con algunos cambios, y&nbsp;as\u00ed volvi\u00f3 a surgir el tema de la castraci\u00f3n de personas condenadas por abuso sexual con acceso carnal. \u00abTenemos que empezar &hellip;<\/p>\n","protected":false},"author":2,"featured_media":100016,"comment_status":"open","ping_status":"open","sticky":false,"template":"","format":"standard","meta":{"_jetpack_memberships_contains_paid_content":false,"footnotes":"","jetpack_publicize_message":"","jetpack_publicize_feature_enabled":true,"jetpack_social_post_already_shared":true,"jetpack_social_options":{"image_generator_settings":{"template":"highway","default_image_id":0,"font":"","enabled":false},"version":2}},"categories":[639,14],"tags":[],"class_list":["post-100015","post","type-post","status-publish","format-standard","has-post-thumbnail","hentry","category-argentina","category-politica"],"jetpack_publicize_connections":[],"jetpack_featured_media_url":"https:\/\/portalmovil.com.ar\/wp-content\/uploads\/2024\/08\/429141_038.jpg","jetpack_sharing_enabled":true,"amp_enabled":true,"_links":{"self":[{"href":"https:\/\/portalmovil.com.ar\/index.php\/wp-json\/wp\/v2\/posts\/100015","targetHints":{"allow":["GET"]}}],"collection":[{"href":"https:\/\/portalmovil.com.ar\/index.php\/wp-json\/wp\/v2\/posts"}],"about":[{"href":"https:\/\/portalmovil.com.ar\/index.php\/wp-json\/wp\/v2\/types\/post"}],"author":[{"embeddable":true,"href":"https:\/\/portalmovil.com.ar\/index.php\/wp-json\/wp\/v2\/users\/2"}],"replies":[{"embeddable":true,"href":"https:\/\/portalmovil.com.ar\/index.php\/wp-json\/wp\/v2\/comments?post=100015"}],"version-history":[{"count":1,"href":"https:\/\/portalmovil.com.ar\/index.php\/wp-json\/wp\/v2\/posts\/100015\/revisions"}],"predecessor-version":[{"id":100017,"href":"https:\/\/portalmovil.com.ar\/index.php\/wp-json\/wp\/v2\/posts\/100015\/revisions\/100017"}],"wp:featuredmedia":[{"embeddable":true,"href":"https:\/\/portalmovil.com.ar\/index.php\/wp-json\/wp\/v2\/media\/100016"}],"wp:attachment":[{"href":"https:\/\/portalmovil.com.ar\/index.php\/wp-json\/wp\/v2\/media?parent=100015"}],"wp:term":[{"taxonomy":"category","embeddable":true,"href":"https:\/\/portalmovil.com.ar\/index.php\/wp-json\/wp\/v2\/categories?post=100015"},{"taxonomy":"post_tag","embeddable":true,"href":"https:\/\/portalmovil.com.ar\/index.php\/wp-json\/wp\/v2\/tags?post=100015"}],"curies":[{"name":"wp","href":"https:\/\/api.w.org\/{rel}","templated":true}]}}